{"id":22612,"date":"2022-09-19T08:52:55","date_gmt":"2022-09-19T13:22:55","guid":{"rendered":"https:\/\/elmundodelosnegocios.com.do\/v1\/?p=22612"},"modified":"2022-09-19T08:52:55","modified_gmt":"2022-09-19T13:22:55","slug":"activan-planes-contingencia-ante-paso-fiona","status":"publish","type":"post","link":"https:\/\/elmundodelosnegocios.com.do\/v1\/activan-planes-contingencia-ante-paso-fiona\/","title":{"rendered":"Activan planes contingencia ante paso Fiona"},"content":{"rendered":"<p>Santo Domingo, R.D. Septiembre 18, 2022.- Los Centros Tecnol\u00f3gicos Comunitarios (CTC) activaron sus planes de contingencia ante el paso de la tormenta Fiona, con la finalidad de prevenir y reducir el impacto de sus efectos, al tiempo que pusieron a disposici\u00f3n de los organismos de socorro su red de radios comunitarias.<\/p>\n<p><a href=\"http:\/\/elmundodelosnegocios.com.do\/v1\/wp-content\/uploads\/2022\/09\/00-1-696x464-1.jpeg\"><img loading=\"lazy\" decoding=\"async\" class=\"aligncenter size-full wp-image-22613\" src=\"http:\/\/elmundodelosnegocios.com.do\/v1\/wp-content\/uploads\/2022\/09\/00-1-696x464-1.jpeg\" alt=\"\" width=\"1024\" height=\"683\" srcset=\"https:\/\/elmundodelosnegocios.com.do\/v1\/wp-content\/uploads\/2022\/09\/00-1-696x464-1.jpeg 1024w, https:\/\/elmundodelosnegocios.com.do\/v1\/wp-content\/uploads\/2022\/09\/00-1-696x464-1-300x200.jpeg 300w, https:\/\/elmundodelosnegocios.com.do\/v1\/wp-content\/uploads\/2022\/09\/00-1-696x464-1-768x512.jpeg 768w\" sizes=\"auto, (max-width: 1024px) 100vw, 1024px\" \/><\/a><\/p>\n<p>Isidro Torres, director de los CTC, explic\u00f3 que se han tomado las medidas pertinentes, por lo que recomend\u00f3 monitorear el progreso de este sistema y estar atentos a las posibles alertas y avisos que puedan emitir este s\u00e1bado las autoridades de la Oficina Nacional de Meteorolog\u00eda (Onamet), el Centro de Operaciones de Emergencia (COE) y la Defensa Civil Dominicana.<\/p>\n<p>\u201cLa poblaci\u00f3n debe estar atenta a las informaciones proporcionadas por los organismos de socorro a los fines de conocer las alertas meteorol\u00f3gicas por posibles condiciones de tormenta tropical, que podr\u00eda elevarse a hurac\u00e1n\u201d manifest\u00f3 Torres.<\/p>\n<p>El director de los CTC anunci\u00f3 la suspensi\u00f3n de la docencia presencial en esa entidad hasta que los organismos de socorro indiquen que no existe riesgos ante el posible paso del fen\u00f3meno atmosf\u00e9rico por el territorio nacional.<\/p>\n<p>El funcionario agreg\u00f3 que puso a disposici\u00f3n de los organismos de socorro la red de emisoras con que cuentan los Centros Tecnol\u00f3gicos Comunitarios a nivel nacional a los fines de que sirvan como canal para emitir las medidas preventivas y obligatorias en las provincias con mayor nivel de alerta.<\/p>\n<p>\u201cEstamos poniendo a disposici\u00f3n de los organismos de socorro nuestra red de radios a nivel nacional con el prop\u00f3sito de que puedan emitir sus boletines y recomendaciones a la poblaci\u00f3n, y as\u00ed estos a su vez puedan seguir el curso del fen\u00f3meno meteorol\u00f3gico y sus posibles variaciones\u201d, expuso el director general de los Centros Tecnol\u00f3gicos Comunitarios.<\/p>\n","protected":false},"excerpt":{"rendered":"<p>Santo Domingo, R.D. Septiembre 18, 2022.- Los Centros Tecnol\u00f3gicos Comunitarios (CTC) activaron sus planes de contingencia ante el paso de la tormenta Fiona, con la finalidad de prevenir y reducir&hellip; <\/p>\n","protected":false},"author":2,"featured_media":22614,"comment_status":"closed","ping_status":"closed","sticky":false,"template":"","format":"standard","meta":{"fifu_image_url":"","fifu_image_alt":"","footnotes":""},"categories":[86],"tags":[],"class_list":["post-22612","post","type-post","status-publish","format-standard","has-post-thumbnail","hentry","category-seguridad"],"_links":{"self":[{"href":"https:\/\/elmundodelosnegocios.com.do\/v1\/wp-json\/wp\/v2\/posts\/22612","targetHints":{"allow":["GET"]}}],"collection":[{"href":"https:\/\/elmundodelosnegocios.com.do\/v1\/wp-json\/wp\/v2\/posts"}],"about":[{"href":"https:\/\/elmundodelosnegocios.com.do\/v1\/wp-json\/wp\/v2\/types\/post"}],"author":[{"embeddable":true,"href":"https:\/\/elmundodelosnegocios.com.do\/v1\/wp-json\/wp\/v2\/users\/2"}],"replies":[{"embeddable":true,"href":"https:\/\/elmundodelosnegocios.com.do\/v1\/wp-json\/wp\/v2\/comments?post=22612"}],"version-history":[{"count":0,"href":"https:\/\/elmundodelosnegocios.com.do\/v1\/wp-json\/wp\/v2\/posts\/22612\/revisions"}],"wp:featuredmedia":[{"embeddable":true,"href":"https:\/\/elmundodelosnegocios.com.do\/v1\/wp-json\/wp\/v2\/media\/22614"}],"wp:attachment":[{"href":"https:\/\/elmundodelosnegocios.com.do\/v1\/wp-json\/wp\/v2\/media?parent=22612"}],"wp:term":[{"taxonomy":"category","embeddable":true,"href":"https:\/\/elmundodelosnegocios.com.do\/v1\/wp-json\/wp\/v2\/categories?post=22612"},{"taxonomy":"post_tag","embeddable":true,"href":"https:\/\/elmundodelosnegocios.com.do\/v1\/wp-json\/wp\/v2\/tags?post=22612"}],"curies":[{"name":"wp","href":"https:\/\/api.w.org\/{rel}","templated":true}]}}