{"id":22619,"date":"2022-09-19T10:38:42","date_gmt":"2022-09-19T15:08:42","guid":{"rendered":"https:\/\/elmundodelosnegocios.com.do\/v1\/?p=22619"},"modified":"2022-09-19T10:48:41","modified_gmt":"2022-09-19T15:18:41","slug":"participa-nuevamente-banco-popular-en-international-french-travel-market","status":"publish","type":"post","link":"https:\/\/elmundodelosnegocios.com.do\/v1\/participa-nuevamente-banco-popular-en-international-french-travel-market\/","title":{"rendered":"Participa nuevamente Banco Popular en International French Travel Market"},"content":{"rendered":"<p><b>Agotar\u00e1 agenda de acompa\u00f1amiento al sector y encuentro con empresarios<\/b><\/p>\n<p><span style=\"font-weight: 400;\">Santo Domingo, D.N. \u2013 El Banco Popular Dominicano participar\u00e1 en la International French Travel Market \u2013 Top Resa 2022, una de las principales ferias profesionales del turismo en Europa y puerta de entrada para los mercados franc\u00f3fonos, la cual se desarrollar\u00e1 en Par\u00eds, Francia, del 20 al 22 de septiembre.<\/span><\/p>\n<figure id=\"attachment_22620\" aria-describedby=\"caption-attachment-22620\" style=\"width: 1998px\" class=\"wp-caption aligncenter\"><a href=\"http:\/\/elmundodelosnegocios.com.do\/v1\/wp-content\/uploads\/2022\/09\/REH6524.jpg\"><img loading=\"lazy\" decoding=\"async\" class=\"wp-image-22620 size-full\" src=\"http:\/\/elmundodelosnegocios.com.do\/v1\/wp-content\/uploads\/2022\/09\/REH6524.jpg\" alt=\"\" width=\"1998\" height=\"924\" srcset=\"https:\/\/elmundodelosnegocios.com.do\/v1\/wp-content\/uploads\/2022\/09\/REH6524.jpg 1998w, https:\/\/elmundodelosnegocios.com.do\/v1\/wp-content\/uploads\/2022\/09\/REH6524-300x139.jpg 300w, https:\/\/elmundodelosnegocios.com.do\/v1\/wp-content\/uploads\/2022\/09\/REH6524-1024x474.jpg 1024w, https:\/\/elmundodelosnegocios.com.do\/v1\/wp-content\/uploads\/2022\/09\/REH6524-768x355.jpg 768w, https:\/\/elmundodelosnegocios.com.do\/v1\/wp-content\/uploads\/2022\/09\/REH6524-1536x710.jpg 1536w\" sizes=\"auto, (max-width: 1998px) 100vw, 1998px\" \/><\/a><figcaption id=\"caption-attachment-22620\" class=\"wp-caption-text\">Top Resa es una cita tur\u00edstica que tradicionalmente congrega la participaci\u00f3n de m\u00e1s 34,000 profesionales del sector tur\u00edstico.<\/figcaption><\/figure>\n<p><span style=\"font-weight: 400;\">El Banco Popular, como principal financiador hist\u00f3rico del sector tur\u00edstico en la Rep\u00fablica Dominicana, apoyar\u00e1 a la delegaci\u00f3n nacional y contar\u00e1 con un espacio dentro del estand dominicano en el recinto ferial de Paris Expo Puerta de Versalles, donde tendr\u00e1 lugar la feria.\u00a0<\/span><\/p>\n<figure id=\"attachment_22621\" aria-describedby=\"caption-attachment-22621\" style=\"width: 1267px\" class=\"wp-caption aligncenter\"><a href=\"http:\/\/elmundodelosnegocios.com.do\/v1\/wp-content\/uploads\/2022\/09\/REH6525.jpg\"><img loading=\"lazy\" decoding=\"async\" class=\"wp-image-22621 size-full\" src=\"http:\/\/elmundodelosnegocios.com.do\/v1\/wp-content\/uploads\/2022\/09\/REH6525.jpg\" alt=\"\" width=\"1267\" height=\"498\" srcset=\"https:\/\/elmundodelosnegocios.com.do\/v1\/wp-content\/uploads\/2022\/09\/REH6525.jpg 1267w, https:\/\/elmundodelosnegocios.com.do\/v1\/wp-content\/uploads\/2022\/09\/REH6525-300x118.jpg 300w, https:\/\/elmundodelosnegocios.com.do\/v1\/wp-content\/uploads\/2022\/09\/REH6525-1024x402.jpg 1024w, https:\/\/elmundodelosnegocios.com.do\/v1\/wp-content\/uploads\/2022\/09\/REH6525-768x302.jpg 768w\" sizes=\"auto, (max-width: 1267px) 100vw, 1267px\" \/><\/a><figcaption id=\"caption-attachment-22621\" class=\"wp-caption-text\">La International French Travel Market \u2013 Top Resa 2022 es la segunda gran feria tur\u00edstica que vuelve a celebrarse de manera presencial, tras FITUR en Madrid.<\/figcaption><\/figure>\n<p><span style=\"font-weight: 400;\">Los ejecutivos del Popular agotar\u00e1n una agenda de negocios con empresarios hoteleros con intereses en el pa\u00eds y participar\u00e1n en las actividades organizadas por la delegaci\u00f3n oficial de la Rep\u00fablica Dominicana, entre ellas encuentros con turoperadores y agencias de viaje.<\/span><\/p>\n<p><span style=\"font-weight: 400;\">En adici\u00f3n, la entidad bancaria ofrecer\u00e1 una cena a los hoteleros, inversionistas y autoridades del sector en la sede de la Embajada dominicana en Par\u00eds.<\/span><\/p>\n<figure id=\"attachment_22622\" aria-describedby=\"caption-attachment-22622\" style=\"width: 1816px\" class=\"wp-caption aligncenter\"><a href=\"http:\/\/elmundodelosnegocios.com.do\/v1\/wp-content\/uploads\/2022\/09\/REH6523-2.jpg\"><img loading=\"lazy\" decoding=\"async\" class=\"wp-image-22622 size-full\" src=\"http:\/\/elmundodelosnegocios.com.do\/v1\/wp-content\/uploads\/2022\/09\/REH6523-2.jpg\" alt=\"\" width=\"1816\" height=\"984\" srcset=\"https:\/\/elmundodelosnegocios.com.do\/v1\/wp-content\/uploads\/2022\/09\/REH6523-2.jpg 1816w, https:\/\/elmundodelosnegocios.com.do\/v1\/wp-content\/uploads\/2022\/09\/REH6523-2-300x163.jpg 300w, https:\/\/elmundodelosnegocios.com.do\/v1\/wp-content\/uploads\/2022\/09\/REH6523-2-1024x555.jpg 1024w, https:\/\/elmundodelosnegocios.com.do\/v1\/wp-content\/uploads\/2022\/09\/REH6523-2-768x416.jpg 768w, https:\/\/elmundodelosnegocios.com.do\/v1\/wp-content\/uploads\/2022\/09\/REH6523-2-1536x832.jpg 1536w\" sizes=\"auto, (max-width: 1816px) 100vw, 1816px\" \/><\/a><figcaption id=\"caption-attachment-22622\" class=\"wp-caption-text\">Top Resa es una cita tur\u00edstica que tradicionalmente congrega la participaci\u00f3n de m\u00e1s 34,000 profesionales del sector tur\u00edstico.<\/figcaption><\/figure>\n<p><span style=\"font-weight: 400;\">El Banco Popular y su casa matriz Grupo Popular son aliados tradicionales de inversionistas de origen franc\u00e9s en el sector del turismo dominicano, como la cadena hotelera Club Med o el operador aeroportuario Vinci Airports, entre otros.<\/span><\/p>\n<figure id=\"attachment_22626\" aria-describedby=\"caption-attachment-22626\" style=\"width: 1132px\" class=\"wp-caption aligncenter\"><a href=\"http:\/\/elmundodelosnegocios.com.do\/v1\/wp-content\/uploads\/2022\/09\/REH6526.jpg\"><img loading=\"lazy\" decoding=\"async\" class=\"size-full wp-image-22626\" src=\"http:\/\/elmundodelosnegocios.com.do\/v1\/wp-content\/uploads\/2022\/09\/REH6526.jpg\" alt=\"\" width=\"1132\" height=\"870\" srcset=\"https:\/\/elmundodelosnegocios.com.do\/v1\/wp-content\/uploads\/2022\/09\/REH6526.jpg 1132w, https:\/\/elmundodelosnegocios.com.do\/v1\/wp-content\/uploads\/2022\/09\/REH6526-300x231.jpg 300w, https:\/\/elmundodelosnegocios.com.do\/v1\/wp-content\/uploads\/2022\/09\/REH6526-1024x787.jpg 1024w, https:\/\/elmundodelosnegocios.com.do\/v1\/wp-content\/uploads\/2022\/09\/REH6526-768x590.jpg 768w\" sizes=\"auto, (max-width: 1132px) 100vw, 1132px\" \/><\/a><figcaption id=\"caption-attachment-22626\" class=\"wp-caption-text\">El Banco Popular apoyar\u00e1 a la delegaci\u00f3n nacional y contar\u00e1 con un espacio dentro del estand dominicano en el recinto ferial de Paris Expo Puerta de Versalles.<\/figcaption><\/figure>\n<p><b>Acompa\u00f1ando la reactivaci\u00f3n tur\u00edstica\u00a0<\/b><\/p>\n<p><span style=\"font-weight: 400;\">Es la sexta ocasi\u00f3n en que el Popular participa en Top Resa, una cita tur\u00edstica que tradicionalmente congrega la participaci\u00f3n de m\u00e1s 34,000 profesionales del sector tur\u00edstico y que en esta edici\u00f3n n\u00famero 43 cobra especial significado para la Rep\u00fablica Dominicana y la consolidaci\u00f3n de su reactivaci\u00f3n tur\u00edstica.<\/span><\/p>\n<p><span style=\"font-weight: 400;\">Se trata, adem\u00e1s, de una cita importante para los inversionistas europeos, ya que es la segunda feria tur\u00edstica que vuelve a celebrarse de manera presencial, tras FITUR en Madrid, una vez que se dej\u00f3 atr\u00e1s las medidas sanitarias decretadas por las autoridades para contener la COVID-19.<\/span><\/p>\n<p><span style=\"font-weight: 400;\">Francia tiene un gran potencial como emisor de turistas hacia Rep\u00fablica Dominicana, siendo uno de los principales pa\u00edses europeos con mayor n\u00famero de visitantes. De enero a agosto de 2022 un total de 160,985 turistas franceses visitaron Rep\u00fablica Dominicana, representando esta cantidad el 16% de los turistas del mercado europeo que visitan el pa\u00eds, conforme a cifras del Banco Central.\u00a0<\/span><\/p>\n","protected":false},"excerpt":{"rendered":"<p>Agotar\u00e1 agenda de acompa\u00f1amiento al sector y encuentro con empresarios Santo Domingo, D.N. \u2013 El Banco Popular Dominicano participar\u00e1 en la International French Travel Market \u2013 Top Resa 2022, una&hellip; <\/p>\n","protected":false},"author":2,"featured_media":22626,"comment_status":"closed","ping_status":"closed","sticky":false,"template":"","format":"standard","meta":{"fifu_image_url":"","fifu_image_alt":"","footnotes":""},"categories":[172],"tags":[],"class_list":["post-22619","post","type-post","status-publish","format-standard","has-post-thumbnail","hentry","category-turismo"],"_links":{"self":[{"href":"https:\/\/elmundodelosnegocios.com.do\/v1\/wp-json\/wp\/v2\/posts\/22619","targetHints":{"allow":["GET"]}}],"collection":[{"href":"https:\/\/elmundodelosnegocios.com.do\/v1\/wp-json\/wp\/v2\/posts"}],"about":[{"href":"https:\/\/elmundodelosnegocios.com.do\/v1\/wp-json\/wp\/v2\/types\/post"}],"author":[{"embeddable":true,"href":"https:\/\/elmundodelosnegocios.com.do\/v1\/wp-json\/wp\/v2\/users\/2"}],"replies":[{"embeddable":true,"href":"https:\/\/elmundodelosnegocios.com.do\/v1\/wp-json\/wp\/v2\/comments?post=22619"}],"version-history":[{"count":0,"href":"https:\/\/elmundodelosnegocios.com.do\/v1\/wp-json\/wp\/v2\/posts\/22619\/revisions"}],"wp:featuredmedia":[{"embeddable":true,"href":"https:\/\/elmundodelosnegocios.com.do\/v1\/wp-json\/wp\/v2\/media\/22626"}],"wp:attachment":[{"href":"https:\/\/elmundodelosnegocios.com.do\/v1\/wp-json\/wp\/v2\/media?parent=22619"}],"wp:term":[{"taxonomy":"category","embeddable":true,"href":"https:\/\/elmundodelosnegocios.com.do\/v1\/wp-json\/wp\/v2\/categories?post=22619"},{"taxonomy":"post_tag","embeddable":true,"href":"https:\/\/elmundodelosnegocios.com.do\/v1\/wp-json\/wp\/v2\/tags?post=22619"}],"curies":[{"name":"wp","href":"https:\/\/api.w.org\/{rel}","templated":true}]}}