{"id":22630,"date":"2022-09-20T03:00:46","date_gmt":"2022-09-20T07:30:46","guid":{"rendered":"https:\/\/elmundodelosnegocios.com.do\/v1\/index.php\/2022\/09\/20\/la-nueva-aerolinea-de-bandera-de-la-republica-dominicana-arajet-despega\/"},"modified":"2022-09-20T03:00:46","modified_gmt":"2022-09-20T07:30:46","slug":"la-nueva-aerolinea-de-bandera-de-la-republica-dominicana-arajet-despega","status":"publish","type":"post","link":"https:\/\/elmundodelosnegocios.com.do\/v1\/la-nueva-aerolinea-de-bandera-de-la-republica-dominicana-arajet-despega\/","title":{"rendered":"La nueva aerol\u00ednea de bandera de la Rep\u00fablica Dominicana, Arajet, despega"},"content":{"rendered":"<p>La primera aerol\u00ednea de ultra bajo costo (low-cost) del mercado caribe\u00f1o conectar\u00e1 22 destinos en 12 pa\u00edses con vuelos directos desde y hacia Santo Domingo<br \/>\nSANTO DOMINGO, Rep\u00fablica Dominicana&#8211;(BUSINESS WIRE)&#8211;Arajet, la nueva aerol\u00ednea de tarifas bajas (low-fare) de la Rep\u00fablica Dominicana, inici\u00f3 oficialmente sus operaciones en los cielos del Caribe, liderando el renacimiento de la aviaci\u00f3n dominicana con un potente centro de conexi\u00f3n en Santo Domingo. Arajet construir\u00e1 en los pr\u00f3ximos meses una robusta red de rutas con 22 destinos en 12 pa\u00edses, llevando con orgullo la bandera dominicana y ofreciendo un servicio orientado al cliente en todo el continente.<\/p>\n<p>Despu\u00e9s de dos d\u00edas de operaciones exitosas el 15 y 16 de septiembre con vuelos a Barranquilla y Cali en Colombia y a Aruba, Arajet marc\u00f3 su primer vuelo oficial a San Salvador en El Salvador, en un evento auspiciado por Luis Abinader, presidente de la Rep\u00fablica Dominicana, y Morena Valdez, ministra de Turismo de El Salvador.<\/p>\n<p>\u201cCelebramos el lanzamiento de Arajet como nuestra nueva aerol\u00ednea nacional. Nuestro gobierno seguir\u00e1 apoyando a Arajet y a la industria aeron\u00e1utica en general para garantizar su competitividad y crear un centro a\u00e9reo que promueva el turismo, el comercio y el intercambio cultural, y brinde la oportunidad a todos los dominicanos en el extranjero de visitar su pa\u00eds a precios asequibles\u201d, expres\u00f3 el presidente Abinader.<\/p>\n<p>V\u00edctor Pacheco M\u00e9ndez, CEO de Arajet, destac\u00f3 que el modelo de negocio Low-Fare y la designaci\u00f3n como aerol\u00ednea nacional para la Rep\u00fablica Dominicana atraer\u00e1 m\u00e1s turistas, aumentar\u00e1 la conectividad y ofrecer\u00e1 a los dominicanos la oportunidad de viajar a precios m\u00e1s bajos, a bordo de nuevas aeronaves con los m\u00e1s altos est\u00e1ndares de seguridad y el distintivo y c\u00e1lido servicio al cliente dominicano.<\/p>\n<p>\u201cEstamos muy contentos de comenzar a operar y ofrecer a los dominicanos y a todos nuestros hu\u00e9spedes tarifas bajas, una experiencia de clase mundial para el cliente y una nueva red en crecimiento desde y hacia Santo Domingo a las principales ciudades de las Am\u00e9ricas\u201d, expres\u00f3 el Sr. Pacheco. \u201cNuestra misi\u00f3n es construir servicios para nuestros hu\u00e9spedes utilizando una flota de aviones de \u00faltima generaci\u00f3n con la m\u00e1s alta tecnolog\u00eda, para fortalecer y facilitar la conexi\u00f3n del pa\u00eds con el mundo, mientras promovemos el turismo nacional a nivel internacional\u201d.<\/p>\n<p>Arajet continuar\u00e1 ampliando sus operaciones a finales de este mes con la incorporaci\u00f3n de rutas a Saint Maarten en el Caribe, Lima en Per\u00fa, Ciudad de M\u00e9xico, Monterrey y Canc\u00fan en M\u00e9xico y Ciudad de Guatemala en Guatemala. En octubre, Arajet a\u00f1adir\u00e1 Curazao, San Jos\u00e9 en Costa Rica, Quito y Guayaquil en Ecuador, Medell\u00edn y Bogot\u00e1 en Colombia, as\u00ed como destinos en Norteam\u00e9rica.<\/p>\n<p>\u201cDesde la perspectiva del gobierno del presidente Nayib Bukele, la conectividad a\u00e9rea es clave para impulsar el turismo, facilitando a los viajeros el desplazamiento entre pa\u00edses y el descubrimiento de la amplia gama de opciones que ofrece El Salvador: desde la consistencia permanente de sus olas para surfear, sus imponentes volcanes, pueblos y ciudades con gran valor hist\u00f3rico\u201d, afirm\u00f3 Morena Valdez, ministra de Turismo de El Salvador.<\/p>\n<p>En los pr\u00f3ximos 5 a\u00f1os Arajet planea transportar m\u00e1s de 7 millones de pasajeros, generando m\u00e1s de 4.000 empleos directos y cerca de 40.000 indirectos en la regi\u00f3n.<\/p>\n<p>\u201cCon el lanzamiento de Arajet nuestro pa\u00eds comenzar\u00e1 a sentir el impacto que tendr\u00e1 la aerol\u00ednea en Rep\u00fablica Dominicana. Arajet contribuir\u00e1 al crecimiento de la industria tur\u00edstica y atraer\u00e1 m\u00e1s visitantes de nuevos destinos para que podamos seguir alcanzando cifras r\u00e9cord en la llegada de turistas y diversificar la nacionalidad de nuestros visitantes con tarifas justas que conecten a Santo Domingo con el continente. Reafirmamos nuestro compromiso, asumido conjuntamente con el Gabinete de Turismo que encabeza el presidente Abinader, de fortalecer las pol\u00edticas p\u00fablicas relacionadas con el sector tur\u00edstico y aeron\u00e1utico para impulsar su desarrollo\u201d, afirm\u00f3 el ministro de Turismo, David Collado.<\/p>\n<p>Arajet ya ha recibido 5 de los 8 arrendamientos directos de nuevos aviones Boeing 737 MAX, y tiene un pedido directo de 20 nuevos Boeing 737 MAX. La empresa seguir\u00e1 creciendo e invirtiendo en su flota con 15 opciones adicionales que se entregar\u00e1n en los pr\u00f3ximos 5 a\u00f1os.<\/p>\n<p>\u201cLa familia de aviones 737 MAX se adapta bien a la red de Arajet, con el 737-8 que permite nuevas rutas rentables y el 737-8-200 que proporciona una eficiencia sin igual\u201d, afirm\u00f3 Ihssane Mounir, vicepresidente s\u00e9nior de Ventas Comerciales y Marketing de Boeing. \u201cLa flexibilidad del 737 MAX garantiza que Arajet pueda cumplir su objetivo de hacer que volar sea m\u00e1s asequible y accesible en todo el Caribe y m\u00e1s all\u00e1, con un servicio seguro, sostenible y fiable\u201d.<\/p>\n<p>Arajet entra en el mercado como la m\u00e1s reciente aerol\u00ednea de bajo costo de la regi\u00f3n, apoyada estrat\u00e9gicamente por los experimentados inversores globales en aviaci\u00f3n Bain Capital y Griffin Global Asset Management para consolidarse como una aerol\u00ednea de clase mundial para la Rep\u00fablica Dominicana y el Caribe. \u201cAl trabajar estrechamente con nuestros inversionistas, as\u00ed como con nuestro socio estrat\u00e9gico y empresa aeroespacial global l\u00edder Boeing, estamos bien posicionados para el \u00e9xito operacional y para proporcionar a los dominicanos y visitantes internacionales vuelos a precios asequibles que conecten el pa\u00eds con destinos clave en el continente americano y el Caribe\u201d, agreg\u00f3 Pacheco.<\/p>\n<p>Los motores CFM LEAP-1B de Arajet, ultrasilenciosos y de bajo consumo de combustible, reducen la contaminaci\u00f3n ac\u00fastica y permiten a la aerol\u00ednea ahorrar en costos operativos que respaldan las tarifas bajas para que todos puedan volar y reservar f\u00e1cilmente en Arajet.com<\/p>\n<p>\u201cNos hemos preparado durante a\u00f1os para conectar de manera eficiente y conveniente a la Rep\u00fablica Dominicana con los principales mercados internacionales. Estamos asumiendo la responsabilidad del renacimiento de la aviaci\u00f3n dominicana como la nueva aerol\u00ednea nacional con un equipo internacional experimentado que garantizar\u00e1 que nuestras operaciones cumplan con los m\u00e1s altos est\u00e1ndares de seguridad y servicio al cliente para nuestros hu\u00e9spedes\u201d, concluy\u00f3 Pacheco.<\/p>\n<p>Reserve ahora y viaje con tarifas bajas en: Arajet.com<\/p>\n<p>S\u00edganos y ent\u00e9rese de nuestras promociones y \u00faltimas novedades en nuestras redes sociales:<\/p>\n<p>Twitter: @ArajetAirlines<\/p>\n<p>Instagram: @ArajetAirlines<\/p>\n<p>Facebook: @ArajetArilines<\/p>\n<p>Acceda a im\u00e1genes y videos de Arajet haciendo clic aqu\u00ed<\/p>\n<p>Acerca de Arajet<\/p>\n<p>Arajet es la primera aerol\u00ednea de tarifas bajas en la regi\u00f3n del Caribe y comenz\u00f3 a operar en septiembre de 2022 desde su base en el aeropuerto de Las Am\u00e9ricas en Santo Domingo, bajo su certificado de operador a\u00e9reo (AOC) de la Rep\u00fablica Dominicana. Arajet operar\u00e1 una nueva flota de aviones Boeing 737MAX-8 que ofrecen viajes seguros y asequibles desde y hacia la Rep\u00fablica Dominicana a varios destinos en Am\u00e9rica del Norte, Central y del Sur, y la regi\u00f3n del Caribe. Para m\u00e1s informaci\u00f3n, visite www.Arajet.com.<\/p>\n<p>El texto original en el idioma fuente de este comunicado es la versi\u00f3n oficial autorizada. Las traducciones solo se suministran como adaptaci\u00f3n y deben cotejarse con el texto en el idioma fuente, que es la \u00fanica versi\u00f3n del texto que tendr\u00e1 un efecto legal.<br \/>\n Contacts<br \/>\nGeraldine Villasmil, directora de comunicaci\u00f3nGeraldine.Villasmil@arajet.com<\/p>\n","protected":false},"excerpt":{"rendered":"<p>La primera aerol\u00ednea de ultra bajo costo (low-cost) del mercado caribe\u00f1o conectar\u00e1 22 destinos en 12 pa\u00edses con vuelos directos desde y hacia Santo Domingo SANTO DOMINGO, Rep\u00fablica Dominicana&#8211;(BUSINESS WIRE)&#8211;Arajet,&hellip; <\/p>\n","protected":false},"author":2,"featured_media":0,"comment_status":"closed","ping_status":"closed","sticky":false,"template":"","format":"standard","meta":{"fifu_image_url":"","fifu_image_alt":"","footnotes":""},"categories":[252],"tags":[253],"class_list":["post-22630","post","type-post","status-publish","format-standard","hentry","category-business-wire","tag-business-wire"],"_links":{"self":[{"href":"https:\/\/elmundodelosnegocios.com.do\/v1\/wp-json\/wp\/v2\/posts\/22630","targetHints":{"allow":["GET"]}}],"collection":[{"href":"https:\/\/elmundodelosnegocios.com.do\/v1\/wp-json\/wp\/v2\/posts"}],"about":[{"href":"https:\/\/elmundodelosnegocios.com.do\/v1\/wp-json\/wp\/v2\/types\/post"}],"author":[{"embeddable":true,"href":"https:\/\/elmundodelosnegocios.com.do\/v1\/wp-json\/wp\/v2\/users\/2"}],"replies":[{"embeddable":true,"href":"https:\/\/elmundodelosnegocios.com.do\/v1\/wp-json\/wp\/v2\/comments?post=22630"}],"version-history":[{"count":0,"href":"https:\/\/elmundodelosnegocios.com.do\/v1\/wp-json\/wp\/v2\/posts\/22630\/revisions"}],"wp:attachment":[{"href":"https:\/\/elmundodelosnegocios.com.do\/v1\/wp-json\/wp\/v2\/media?parent=22630"}],"wp:term":[{"taxonomy":"category","embeddable":true,"href":"https:\/\/elmundodelosnegocios.com.do\/v1\/wp-json\/wp\/v2\/categories?post=22630"},{"taxonomy":"post_tag","embeddable":true,"href":"https:\/\/elmundodelosnegocios.com.do\/v1\/wp-json\/wp\/v2\/tags?post=22630"}],"curies":[{"name":"wp","href":"https:\/\/api.w.org\/{rel}","templated":true}]}}