{"id":22633,"date":"2022-09-20T03:00:47","date_gmt":"2022-09-20T07:30:47","guid":{"rendered":"https:\/\/elmundodelosnegocios.com.do\/v1\/index.php\/2022\/09\/20\/resumen-la-orquesta-filarmonica-de-tampere-designa-a-matthew-halls-como-su-proximo-director-titular\/"},"modified":"2022-09-20T03:00:47","modified_gmt":"2022-09-20T07:30:47","slug":"resumen-la-orquesta-filarmonica-de-tampere-designa-a-matthew-halls-como-su-proximo-director-titular","status":"publish","type":"post","link":"https:\/\/elmundodelosnegocios.com.do\/v1\/resumen-la-orquesta-filarmonica-de-tampere-designa-a-matthew-halls-como-su-proximo-director-titular\/","title":{"rendered":"Resumen: La Orquesta Filarm\u00f3nica de Tampere designa a Matthew Halls como su pr\u00f3ximo director titular"},"content":{"rendered":"<p>Matthew Halls ha sido nombrado pr\u00f3ximo director titular y art\u00edstico de la Orquesta Filarm\u00f3nica de Tampere. Tomar\u00e1 el relevo en oto\u00f1o de 2023, tras la marcha del actual director titular, Santtu-Matias Rouvali, cargo que ha ocupado durante varios a\u00f1os.<br \/>\nTAMPERE, Finlandia&#8211;(BUSINESS WIRE)&#8211;\u00abMe siento halagado y emocionado de aceptar este cargo y estoy deseando comenzar las numerosas y emocionantes colaboraciones en las pr\u00f3ximas temporadas. A los pocos minutos de nuestro primer ensayo, qued\u00e9 cautivado por la extraordinaria musicalidad de la orquesta, su inspiradora \u00e9tica de trabajo y su en\u00e9rgico deseo de explorar. Ser\u00e1 un gran privilegio trabajar con la orquesta y participar en la emocionante vida cultural de Tampere\u00bb, comenta Matthew.<\/p>\n<p>El comunicado en el idioma original es la versi\u00f3n oficial y autorizada del mismo. Esta traducci\u00f3n es solamente un medio de ayuda y deber\u00e1 ser comparada con el texto en idioma original, que es la \u00fanica versi\u00f3n del texto que tendr\u00e1 validez legal.<br \/>\n Contacts<br \/>\nEija Oravuo<br \/>\nGeneral Manager, Tampere Philharmonic Orchestra<br \/>\n+358 50 388 7133<br \/>\neija.oravuo@tampere.fi<\/p>\n","protected":false},"excerpt":{"rendered":"<p>Matthew Halls ha sido nombrado pr\u00f3ximo director titular y art\u00edstico de la Orquesta Filarm\u00f3nica de Tampere. Tomar\u00e1 el relevo en oto\u00f1o de 2023, tras la marcha del actual director titular,&hellip; <\/p>\n","protected":false},"author":2,"featured_media":0,"comment_status":"closed","ping_status":"closed","sticky":false,"template":"","format":"standard","meta":{"fifu_image_url":"","fifu_image_alt":"","footnotes":""},"categories":[252],"tags":[253],"class_list":["post-22633","post","type-post","status-publish","format-standard","hentry","category-business-wire","tag-business-wire"],"_links":{"self":[{"href":"https:\/\/elmundodelosnegocios.com.do\/v1\/wp-json\/wp\/v2\/posts\/22633","targetHints":{"allow":["GET"]}}],"collection":[{"href":"https:\/\/elmundodelosnegocios.com.do\/v1\/wp-json\/wp\/v2\/posts"}],"about":[{"href":"https:\/\/elmundodelosnegocios.com.do\/v1\/wp-json\/wp\/v2\/types\/post"}],"author":[{"embeddable":true,"href":"https:\/\/elmundodelosnegocios.com.do\/v1\/wp-json\/wp\/v2\/users\/2"}],"replies":[{"embeddable":true,"href":"https:\/\/elmundodelosnegocios.com.do\/v1\/wp-json\/wp\/v2\/comments?post=22633"}],"version-history":[{"count":0,"href":"https:\/\/elmundodelosnegocios.com.do\/v1\/wp-json\/wp\/v2\/posts\/22633\/revisions"}],"wp:attachment":[{"href":"https:\/\/elmundodelosnegocios.com.do\/v1\/wp-json\/wp\/v2\/media?parent=22633"}],"wp:term":[{"taxonomy":"category","embeddable":true,"href":"https:\/\/elmundodelosnegocios.com.do\/v1\/wp-json\/wp\/v2\/categories?post=22633"},{"taxonomy":"post_tag","embeddable":true,"href":"https:\/\/elmundodelosnegocios.com.do\/v1\/wp-json\/wp\/v2\/tags?post=22633"}],"curies":[{"name":"wp","href":"https:\/\/api.w.org\/{rel}","templated":true}]}}