{"id":22781,"date":"2022-09-28T08:35:47","date_gmt":"2022-09-28T13:05:47","guid":{"rendered":"https:\/\/elmundodelosnegocios.com.do\/v1\/?p=22781"},"modified":"2022-09-28T08:35:47","modified_gmt":"2022-09-28T13:05:47","slug":"gobierno-dominicano-firma-con-qatar-acuerdo-que-flexibiliza-operaciones-para-carga-aerea","status":"publish","type":"post","link":"https:\/\/elmundodelosnegocios.com.do\/v1\/gobierno-dominicano-firma-con-qatar-acuerdo-que-flexibiliza-operaciones-para-carga-aerea\/","title":{"rendered":"Gobierno dominicano firma con Qatar acuerdo que flexibiliza operaciones para carga a\u00e9rea"},"content":{"rendered":"<p style=\"font-weight: 300;\">Canad\u00e1.- Los gobiernos de Rep\u00fablica Dominicana y el Estado de Qatar suscribieron un nuevo memor\u00e1ndum de entendimiento para\u00a0<strong style=\"font-weight: 500;\">fortalecer sus relaciones de servicios a\u00e9reos y potenciar las oportunidades comerciales para las aerol\u00edneas designadas entre ambas naciones<\/strong>, as\u00ed lo inform\u00f3\u00a0<strong style=\"font-weight: 500;\">Jos\u00e9 Ernesto Marte Piantini, presidente de la Junta de Aviaci\u00f3n Civil (JAC)\u00a0<\/strong>y jefe de la delegaci\u00f3n dominicana ante la 41 Asamblea General de la Organizaci\u00f3n de Aviaci\u00f3n Civil (OACI).<\/p>\n<p style=\"font-weight: 300;\">El documento, que entra en vigor inmediatamente y complementa el memor\u00e1ndum firmado en diciembre de 2012, indica las l\u00edneas de acci\u00f3n com\u00fan para flexibilizar los servicios a\u00e9reos exclusivamente de carga para las aerol\u00edneas designadas de ambos pa\u00edses sin\u00a0\u00a0restricci\u00f3n de ruta ni frecuencia. Con este acuerdo bilateral, ambos gobiernos se comprometieron, adem\u00e1s, a\u00a0<strong style=\"font-weight: 500;\">establecer y fortalecer las negociaciones en materia aerocomercial.<\/strong><\/p>\n<p style=\"font-weight: 300;\">Seg\u00fan datos citados en una nota de estudio sobre la carga a\u00e9rea en el pa\u00eds, presentada por la delegaci\u00f3n dominicana durante la Asamblea General de la OACI, durante el a\u00f1o 2021 m\u00e1s de dos tercios de la carga a\u00e9rea de Rep\u00fablica Dominicana fueron de\u00a0<strong style=\"font-weight: 500;\">exportaci\u00f3n con 66,7 millones de kilogramos,\u00a0<\/strong>mientras que se importaron 32 millones de kilogramos. Esto representa un\u00a0<strong style=\"font-weight: 500;\">aumento del 18 % en las importaciones<\/strong>, en comparaci\u00f3n con el a\u00f1o 2020 y un\u00a0<strong style=\"font-weight: 500;\">aumento del 26 % en las exportaciones.<\/strong><\/p>\n<p style=\"font-weight: 300;\">Durante los meses de confinamiento total, marzo-junio de 2020, la carga a\u00e9rea se convirti\u00f3\u0301 en la principal fuente de ingresos para la mayor\u00eda de las aerol\u00edneas a nivel mundial, seg\u00fan un informe de la Asociaci\u00f3n Internacional de Transporte A\u00e9reo. Para 2020, la industria de carga a\u00e9rea mundial genero\u0301 129,000 millones de d\u00f3lares, lo que representa un tercio de los ingresos totales de las aerol\u00edneas aproximadamente y un aumento del 10 al 15 por ciento, en comparaci\u00f3n con los niveles anteriores a la crisis.<\/p>\n<p style=\"font-weight: 300;\">La pol\u00edtica a\u00e9rea de Rep\u00fablica Dominicana permite de forma rec\u00edproca flexibilizar a las l\u00edneas a\u00e9reas los servicios exclusivamente de carga, permitiendo una desconcentraci\u00f3n del mercado con el\u00a0<strong style=\"font-weight: 500;\">otorgamiento de facilidades a operadores a\u00e9reos nacionales e internacionales.<\/strong><\/p>\n<p style=\"font-weight: 300;\"><strong style=\"font-weight: 500;\">El acuerdo fue firmado por el presidente de la Junta de Aviaci\u00f3n Civil de Rep\u00fablica Dominicana, Marte Piantini, y Mohamed Faleh Alhajri, presidente interino de la Autoridad de Aviaci\u00f3n Civil por Qatar,\u00a0<\/strong>quien estuvo acompa\u00f1ado de Essa Abdulla Almalki, representante permanente del Estado de Qatar ante la OACI; Ibrahim Al\u00ed Alhammadi, supervisor de Asuntos de Aerol\u00edneas y Aisha Ali Alnuaimi, especialista legal de esta delegaci\u00f3n.<\/p>\n<p style=\"font-weight: 300;\">Junto a Marte Piantini, estuvieron presentes Julio Pe\u00f1a, representante de la Misi\u00f3n Permanente ante la OACI, y el representante alterno, Nasim Antonio Yapor; la doctora Paola Pl\u00e1, secretaria de la JAC, y Camila Moya, tambi\u00e9n representante alterna ante la OACI.<\/p>\n","protected":false},"excerpt":{"rendered":"<p>Canad\u00e1.- Los gobiernos de Rep\u00fablica Dominicana y el Estado de Qatar suscribieron un nuevo memor\u00e1ndum de entendimiento para\u00a0fortalecer sus relaciones de servicios a\u00e9reos y potenciar las oportunidades comerciales para las&hellip; <\/p>\n","protected":false},"author":2,"featured_media":22782,"comment_status":"closed","ping_status":"closed","sticky":false,"template":"","format":"standard","meta":{"fifu_image_url":"","fifu_image_alt":"","footnotes":""},"categories":[167],"tags":[],"class_list":["post-22781","post","type-post","status-publish","format-standard","has-post-thumbnail","hentry","category-transporte"],"_links":{"self":[{"href":"https:\/\/elmundodelosnegocios.com.do\/v1\/wp-json\/wp\/v2\/posts\/22781","targetHints":{"allow":["GET"]}}],"collection":[{"href":"https:\/\/elmundodelosnegocios.com.do\/v1\/wp-json\/wp\/v2\/posts"}],"about":[{"href":"https:\/\/elmundodelosnegocios.com.do\/v1\/wp-json\/wp\/v2\/types\/post"}],"author":[{"embeddable":true,"href":"https:\/\/elmundodelosnegocios.com.do\/v1\/wp-json\/wp\/v2\/users\/2"}],"replies":[{"embeddable":true,"href":"https:\/\/elmundodelosnegocios.com.do\/v1\/wp-json\/wp\/v2\/comments?post=22781"}],"version-history":[{"count":0,"href":"https:\/\/elmundodelosnegocios.com.do\/v1\/wp-json\/wp\/v2\/posts\/22781\/revisions"}],"wp:featuredmedia":[{"embeddable":true,"href":"https:\/\/elmundodelosnegocios.com.do\/v1\/wp-json\/wp\/v2\/media\/22782"}],"wp:attachment":[{"href":"https:\/\/elmundodelosnegocios.com.do\/v1\/wp-json\/wp\/v2\/media?parent=22781"}],"wp:term":[{"taxonomy":"category","embeddable":true,"href":"https:\/\/elmundodelosnegocios.com.do\/v1\/wp-json\/wp\/v2\/categories?post=22781"},{"taxonomy":"post_tag","embeddable":true,"href":"https:\/\/elmundodelosnegocios.com.do\/v1\/wp-json\/wp\/v2\/tags?post=22781"}],"curies":[{"name":"wp","href":"https:\/\/api.w.org\/{rel}","templated":true}]}}