{"id":22789,"date":"2022-09-29T03:01:11","date_gmt":"2022-09-29T07:31:11","guid":{"rendered":"https:\/\/elmundodelosnegocios.com.do\/v1\/index.php\/2022\/09\/29\/la-fundacion-cultural-latin-grammy-empieza-a-recibir-solicitudes-para-el-programa-de-subvenciones-de-investigacion-y-preservacion-2023\/"},"modified":"2022-09-29T03:01:11","modified_gmt":"2022-09-29T07:31:11","slug":"la-fundacion-cultural-latin-grammy-empieza-a-recibir-solicitudes-para-el-programa-de-subvenciones-de-investigacion-y-preservacion-2023","status":"publish","type":"post","link":"https:\/\/elmundodelosnegocios.com.do\/v1\/la-fundacion-cultural-latin-grammy-empieza-a-recibir-solicitudes-para-el-programa-de-subvenciones-de-investigacion-y-preservacion-2023\/","title":{"rendered":"LA FUNDACI\u00d3N CULTURAL LATIN GRAMMY\u00ae EMPIEZA A RECIBIR SOLICITUDES PARA EL PROGRAMA DE SUBVENCIONES DE INVESTIGACI\u00d3N Y PRESERVACI\u00d3N 2023"},"content":{"rendered":"<p>Fecha l\u00edmite para solicitar es el 20 de noviembre de 2022, a las 11:59 p.m. ET.<br \/>\nMIAMI&#8211;(BUSINESS WIRE)&#8211;La Fundaci\u00f3n Cultural Latin GRAMMY\u00ae anunci\u00f3 que ha empezado oficialmente a recibir solicitudes para su programa de Subvenciones de Investigaci\u00f3n y Preservaci\u00f3n de M\u00fasica Latina de 2023. El programa otorga anualmente cuatro subvenciones a instituciones musicales, music\u00f3logos, investigadores, entidades sin fines de lucro y personas en todo el mundo que realzan y preservan el patrimonio de la m\u00fasica latina.<\/p>\n<p>La Fundaci\u00f3n Cultural Latin GRAMMY ofrece subvenciones bajo dos categor\u00edas:<\/p>\n<p>Dos (2) Subvenciones de Investigaci\u00f3n por un m\u00e1ximo de $5,000 d\u00f3lares cada una, que financian proyectos centrados en la investigaci\u00f3n hist\u00f3rica, el folclor y la antropolog\u00eda de los g\u00e9neros de la m\u00fasica latina.<\/p>\n<p>Dos (2) Subvenciones de Preservaci\u00f3n por un m\u00e1ximo de $5,000 d\u00f3lares cada una, que apoyan proyectos de archivar y preservar el patrimonio de la m\u00fasica latina.<\/p>\n<p>Un comit\u00e9 de expertos de Latinoam\u00e9rica, la Pen\u00ednsula Ib\u00e9rica y Estados Unidos revisar\u00e1 las solicitudes de los candidatos que re\u00fanen los requisitos. Cuatro solicitantes recibir\u00e1n una subvenci\u00f3n de un m\u00e1ximo de $5,000 d\u00f3lares.<\/p>\n<p>\u201cNuestro programa de Subvenciones de Preservaci\u00f3n e Investigaci\u00f3n de M\u00fasica Latina, continua con orgullo nuestra misi\u00f3n de promover la m\u00fasica latina y sus creadores a nivel internacional, proveyendo acceso a recursos econ\u00f3micos de gran necesidad que ayudan a estudiar y preservar la m\u00fasica Latina,\u201d dijo Manuel Abud, CEO de La Academia Latina de la Grabaci\u00f3n\u00ae. \u201cCada a\u00f1o tenemos el inmenso honor y la responsabilidad de facilitar estas oportunidades, y esperamos con inter\u00e9s todas las nuevas solicitudes.\u00bb<\/p>\n<p>Desde su creaci\u00f3n en el 2015, el programa ha otorgado subvenciones con un valor de m\u00e1s de $155,000 d\u00f3lares para apoyar 32 proyectos en todo el mundo.<\/p>\n<p>El enlace a la solicitud, las reglas y muestras de los proyectos de ganadores pasados se pueden encontrar aqu\u00ed. Los materiales se pueden enviar en ingl\u00e9s, espa\u00f1ol o portugu\u00e9s. Las solicitudes se deben enviar el 20 de noviembre de 2022 a las 11:59 p.m. ET. (hora este de Estados Unidos). Si tiene alguna pregunta, escr\u00edbanos a LGCF@grammy.com o visite www.latingrammyculturalfoundation.org.<\/p>\n<p>ABOUT THE LATIN GRAMMY CULTURAL FOUNDATION:<\/p>\n<p>La Fundaci\u00f3n Cultural Latin GRAMMY\u00ae es una organizaci\u00f3n ben\u00e9fica 501(c)(3) establecida por La Academia Latina de la Grabaci\u00f3n\u00ae en 2014 para incrementar el inter\u00e9s y la apreciaci\u00f3n internacional de los significativos aportes de la m\u00fasica latina y sus creadores a la cultura mundial. La Fundaci\u00f3n ofrece becas universitarias, programas educativos y subvenciones para apoyar la investigaci\u00f3n y preservaci\u00f3n de su rico legado musical, y hasta la fecha ha donado m\u00e1s de $7.6 millones de d\u00f3lares con el apoyo de miembros de La Academia Latina, artistas, patrocinadores corporativos y otros generosos donantes. Para obtener m\u00e1s informaci\u00f3n o hacer una donaci\u00f3n, por favor, visite latingrammyculturalfoundation.org, Amazon Smile o nuestra p\u00e1gina de Facebook . Y s\u00edganos @latingrammyfdn en Twitter e Instagram, y Latin GRAMMY Cultural Foundation en Facebook.<br \/>\n Contacts<br \/>\nCONTACTO PARA LOS MEDIOS:<\/p>\n<p>La Academia Latina de la Grabaci\u00f3nNathalie Alberto<br \/>\nNathalie.Alberto@grammy.com<\/p>\n","protected":false},"excerpt":{"rendered":"<p>Fecha l\u00edmite para solicitar es el 20 de noviembre de 2022, a las 11:59 p.m. ET. MIAMI&#8211;(BUSINESS WIRE)&#8211;La Fundaci\u00f3n Cultural Latin GRAMMY\u00ae anunci\u00f3 que ha empezado oficialmente a recibir solicitudes&hellip; <\/p>\n","protected":false},"author":2,"featured_media":0,"comment_status":"closed","ping_status":"closed","sticky":false,"template":"","format":"standard","meta":{"fifu_image_url":"","fifu_image_alt":"","footnotes":""},"categories":[252],"tags":[253],"class_list":["post-22789","post","type-post","status-publish","format-standard","hentry","category-business-wire","tag-business-wire"],"_links":{"self":[{"href":"https:\/\/elmundodelosnegocios.com.do\/v1\/wp-json\/wp\/v2\/posts\/22789","targetHints":{"allow":["GET"]}}],"collection":[{"href":"https:\/\/elmundodelosnegocios.com.do\/v1\/wp-json\/wp\/v2\/posts"}],"about":[{"href":"https:\/\/elmundodelosnegocios.com.do\/v1\/wp-json\/wp\/v2\/types\/post"}],"author":[{"embeddable":true,"href":"https:\/\/elmundodelosnegocios.com.do\/v1\/wp-json\/wp\/v2\/users\/2"}],"replies":[{"embeddable":true,"href":"https:\/\/elmundodelosnegocios.com.do\/v1\/wp-json\/wp\/v2\/comments?post=22789"}],"version-history":[{"count":0,"href":"https:\/\/elmundodelosnegocios.com.do\/v1\/wp-json\/wp\/v2\/posts\/22789\/revisions"}],"wp:attachment":[{"href":"https:\/\/elmundodelosnegocios.com.do\/v1\/wp-json\/wp\/v2\/media?parent=22789"}],"wp:term":[{"taxonomy":"category","embeddable":true,"href":"https:\/\/elmundodelosnegocios.com.do\/v1\/wp-json\/wp\/v2\/categories?post=22789"},{"taxonomy":"post_tag","embeddable":true,"href":"https:\/\/elmundodelosnegocios.com.do\/v1\/wp-json\/wp\/v2\/tags?post=22789"}],"curies":[{"name":"wp","href":"https:\/\/api.w.org\/{rel}","templated":true}]}}