{"id":22792,"date":"2022-09-29T03:01:12","date_gmt":"2022-09-29T07:31:12","guid":{"rendered":"https:\/\/elmundodelosnegocios.com.do\/v1\/index.php\/2022\/09\/29\/un-nuevo-video-de-california-condor-rinde-homenaje-a-sus-companeros-de-banda-fallecidos\/"},"modified":"2022-09-29T03:01:12","modified_gmt":"2022-09-29T07:31:12","slug":"un-nuevo-video-de-california-condor-rinde-homenaje-a-sus-companeros-de-banda-fallecidos","status":"publish","type":"post","link":"https:\/\/elmundodelosnegocios.com.do\/v1\/un-nuevo-video-de-california-condor-rinde-homenaje-a-sus-companeros-de-banda-fallecidos\/","title":{"rendered":"Un nuevo video de \u00abCalifornia Condor\u00bb rinde homenaje a sus compa\u00f1eros de banda fallecidos"},"content":{"rendered":"<p>Este innovador video para el \u00faltimo tema del grupo, \u00abThe Band\u00bb, conmemora la memoria de los miembros fallecidos de la banda, Ken Loosaar y Johannes Kuslap.<br \/>\nMADRID&#8211;(BUSINESS WIRE)&#8211;El prometedor grupo de rock \u00abCalifornia Condor\u00bb acaba de lanzar un nuevo video musical dedicado a dos antiguos compa\u00f1eros de banda que perdieron la vida muy pronto. Producido para acompa\u00f1ar su \u00faltimo tema, \u00abThe Band\u00bb, el video rinde homenaje a Ken Loosaar y Johannes Kuslap, que fallecieron recientemente a los 28 y 27 a\u00f1os respectivamente.<\/p>\n<p>Seg\u00fan el comunicado de California Condor, \u00abEn los inicios de California Condor, Ken y Johannes ayudaron a la banda a encontrar su equilibrio. Por ello, nunca los olvidaremos. Este nuevo video es nuestra forma de rendir respeto a estos dos m\u00fasicos talentosos, y de despedirnos de ellos\u00bb.<\/p>\n<p>In Memoriam<\/p>\n<p>Originaria de Estonia, pa\u00eds del norte de Europa, California Condor se ha forjado un nombre con su fusi\u00f3n poco convencional de varios g\u00e9neros musicales. El trabajo m\u00e1s reciente de la banda presenta varios estilos, desde el \u00abpost-grunge\u00bb y el metal hasta el hip-hop.<\/p>\n<p>\u00abThe Band\u00bb refleja el sonido distintivo de California Condor. Impulsado por un ritmo de bater\u00eda cargado de energ\u00eda y unos implacables riffs de guitarra, el tema crea un s\u00f3lido muro de distorsi\u00f3n, complementado por inquietantes ritmos de sintetizador.<\/p>\n<p>Las voces feroces y los estribillos chillones se combinan para hacer de \u00abThe Band\u00bb una de las grabaciones m\u00e1s potentes del grupo. Seg\u00fan el comunicado, el innovador video de la canci\u00f3n, que se estren\u00f3 el 20 de septiembre, est\u00e1 dedicado enteramente a recordar a Loosaar y Kuslap.<\/p>\n<p>La declaraci\u00f3n de California Condor sobre sus compa\u00f1eros de banda fallecidos reza: \u00abEran la clase de tipos que siempre segu\u00edan adelante con una sonrisa y nunca se quejaban. Sus extraordinarias personalidades no pueden describirse con meras palabras, por eso decidimos conmemorarlos en el nuevo video\u00bb.<\/p>\n<p>El camino a seguir<\/p>\n<p>California Condor, un grupo relativamente nuevo, lleg\u00f3 a la escena del rock estadounidense el a\u00f1o pasado. Sin embargo, la banda originaria de Estonia, con su distintivo estilo musical, ha conseguido atraer a un gran n\u00famero de fieles seguidores.<\/p>\n<p>California Condor tiene previsto asistir a la prestigiosa Worldwide Music Expo, que se celebrar\u00e1 en Lisboa (Portugal) del 19 al 23 de octubre. Todo indica que la banda tiene previsto realizar una extensa gira por Europa el a\u00f1o que viene.<\/p>\n<p>Los miembros de la banda cerraron sus declaraciones de la siguiente manera: \u00abSigue vivo, Ken Loosaar. Sigue vivo, Johannes Kuslap. Sabemos que siempre estar\u00e1n con nosotros&#8230; Si no fuera por ustedes, la banda no estar\u00eda donde est\u00e1 hoy \u00bb<br \/>\n Contacts<br \/>\nTimo Tomson &#8211; timo@californiacondormusic.com &#8211; +37254520789<\/p>\n","protected":false},"excerpt":{"rendered":"<p>Este innovador video para el \u00faltimo tema del grupo, \u00abThe Band\u00bb, conmemora la memoria de los miembros fallecidos de la banda, Ken Loosaar y Johannes Kuslap. MADRID&#8211;(BUSINESS WIRE)&#8211;El prometedor grupo&hellip; <\/p>\n","protected":false},"author":2,"featured_media":0,"comment_status":"closed","ping_status":"closed","sticky":false,"template":"","format":"standard","meta":{"fifu_image_url":"","fifu_image_alt":"","footnotes":""},"categories":[252],"tags":[253],"class_list":["post-22792","post","type-post","status-publish","format-standard","hentry","category-business-wire","tag-business-wire"],"_links":{"self":[{"href":"https:\/\/elmundodelosnegocios.com.do\/v1\/wp-json\/wp\/v2\/posts\/22792","targetHints":{"allow":["GET"]}}],"collection":[{"href":"https:\/\/elmundodelosnegocios.com.do\/v1\/wp-json\/wp\/v2\/posts"}],"about":[{"href":"https:\/\/elmundodelosnegocios.com.do\/v1\/wp-json\/wp\/v2\/types\/post"}],"author":[{"embeddable":true,"href":"https:\/\/elmundodelosnegocios.com.do\/v1\/wp-json\/wp\/v2\/users\/2"}],"replies":[{"embeddable":true,"href":"https:\/\/elmundodelosnegocios.com.do\/v1\/wp-json\/wp\/v2\/comments?post=22792"}],"version-history":[{"count":0,"href":"https:\/\/elmundodelosnegocios.com.do\/v1\/wp-json\/wp\/v2\/posts\/22792\/revisions"}],"wp:attachment":[{"href":"https:\/\/elmundodelosnegocios.com.do\/v1\/wp-json\/wp\/v2\/media?parent=22792"}],"wp:term":[{"taxonomy":"category","embeddable":true,"href":"https:\/\/elmundodelosnegocios.com.do\/v1\/wp-json\/wp\/v2\/categories?post=22792"},{"taxonomy":"post_tag","embeddable":true,"href":"https:\/\/elmundodelosnegocios.com.do\/v1\/wp-json\/wp\/v2\/tags?post=22792"}],"curies":[{"name":"wp","href":"https:\/\/api.w.org\/{rel}","templated":true}]}}