{"id":22799,"date":"2022-09-29T11:51:49","date_gmt":"2022-09-29T16:21:49","guid":{"rendered":"https:\/\/elmundodelosnegocios.com.do\/v1\/?p=22799"},"modified":"2022-09-29T11:51:49","modified_gmt":"2022-09-29T16:21:49","slug":"republica-dominicana-y-uruguay-impulsan-iniciativas-para-colaborar-en-coproducciones-cinematograficas","status":"publish","type":"post","link":"https:\/\/elmundodelosnegocios.com.do\/v1\/republica-dominicana-y-uruguay-impulsan-iniciativas-para-colaborar-en-coproducciones-cinematograficas\/","title":{"rendered":"Rep\u00fablica Dominicana y Uruguay impulsan iniciativas para colaborar en coproducciones cinematogr\u00e1ficas"},"content":{"rendered":"<p>Santo Domingo.- Con el inter\u00e9s de generar proyectos de coproducci\u00f3n audiovisual y avanzar en un posible acuerdo bilateral entre Rep\u00fablica Dominicana y Uruguay, la directora de la Direcci\u00f3n General de Cine (DGCINE), Marianna Vargas Gurilieva, y el director de Internacionalizaci\u00f3n del Instituto Nacional del Cine y el Audiovisual (INCAU), Marcio Migliorisi, mantuvieron reuniones de trabajo.<\/p>\n<p>La presencia de productores uruguayos y dominicanos en la reciente edici\u00f3n del Festival de San Sebasti\u00e1n permiti\u00f3 el intercambio y la identificaci\u00f3n de puntos en com\u00fan sobre los cuales podr\u00edan desarrollarse proyectos.<\/p>\n<p>Como ejemplo, la combinaci\u00f3n de los modelos y mecanismos de financiaci\u00f3n existentes en ambos pa\u00edses ofrece una importante plataforma para la coproducci\u00f3n tanto de obra mayoritaria como minoritaria.<\/p>\n<p>De esta forma, Uruguay podr\u00eda oficiar como un socio estrat\u00e9gico para Rep\u00fablica Dominicana en su relacionamiento con la regi\u00f3n del Cono Sur, al igual que Rep\u00fablica Dominicana para el relacionamiento de Uruguay con el Caribe y Centroam\u00e9rica.<\/p>\n<p>Rep\u00fablica Dominicana y Uruguay, pa\u00edses que en los \u00faltimos a\u00f1os han experimentado un gran crecimiento en su actividad audiovisual, presentan posibilidades y capacidades complementarias, como tambi\u00e9n ubicaciones estrat\u00e9gicas en sus regiones, una combinaci\u00f3n de factores que representan una gran oportunidad de trabajo en conjunto.<\/p>\n<p>Participaci\u00f3n delegaci\u00f3n dominicana en San Seb\u00e1stian<\/p>\n<p>En el marco del festival, la DGCINE apoy\u00f3 la delegaci\u00f3n de productores dominicanos en el camino de captar posibles coproducciones, reuniones con agentes de venta, posibles distribuidores y compradores de contenido audiovisual.<\/p>\n<p>Se cont\u00f3 con la participaci\u00f3n de los cineastas Fernando Santos, Leo Proa\u00f1o, Alexandra Santana y Ulla Prida.<\/p>\n<p>El proyecto dominicano \u201cBajo el mismo sol\u201d, de Ulla Prida y Ulises Porra, form\u00f3 parte del Foro de Coproducci\u00f3n de Europa-Am\u00e9rica Latina, cuyos objetivos son impulsar el desarrollo de proyectos audiovisuales, fomentar la colaboraci\u00f3n entre los profesionales y potenciar su acceso a nuevos mercados internacionales.<\/p>\n<p>Premio DALE!<\/p>\n<p>La Rep\u00fablica Dominicana form\u00f3 parte de los miembros del jurado del \u201cPremio DALE!\u201d (Desarrollo Am\u00e9rica Latina-Europa), junto a representantes de Europa Creativa y el British Film Institute (BFI), en representaci\u00f3n de la Conferencia de Autoridades Audiovisuales y Cinematogr\u00e1ficas de Iberoam\u00e9rica (CAACI). Este evento acogi\u00f3 los proyectos que participaron en el X Foro de Coproducci\u00f3n Europa- Am\u00e9rica Latina de San Sebasti\u00e1n Film Festival.<\/p>\n<p>El Premio DALE! tiene por objeto impulsar la colaboraci\u00f3n entre Europa y Am\u00e9rica Latina en el \u00e1mbito de la industria cinematogr\u00e1fica y es organizado por la Conferencia de Autoridades Audiovisuales y Cinematogr\u00e1ficas de Iberoam\u00e9rica (CAACI) y European Film Agency.<\/p>\n","protected":false},"excerpt":{"rendered":"<p>Santo Domingo.- Con el inter\u00e9s de generar proyectos de coproducci\u00f3n audiovisual y avanzar en un posible acuerdo bilateral entre Rep\u00fablica Dominicana y Uruguay, la directora de la Direcci\u00f3n General de&hellip; <\/p>\n","protected":false},"author":2,"featured_media":22800,"comment_status":"closed","ping_status":"closed","sticky":false,"template":"","format":"standard","meta":{"fifu_image_url":"","fifu_image_alt":"","footnotes":""},"categories":[148],"tags":[],"class_list":["post-22799","post","type-post","status-publish","format-standard","has-post-thumbnail","hentry","category-cultura"],"_links":{"self":[{"href":"https:\/\/elmundodelosnegocios.com.do\/v1\/wp-json\/wp\/v2\/posts\/22799","targetHints":{"allow":["GET"]}}],"collection":[{"href":"https:\/\/elmundodelosnegocios.com.do\/v1\/wp-json\/wp\/v2\/posts"}],"about":[{"href":"https:\/\/elmundodelosnegocios.com.do\/v1\/wp-json\/wp\/v2\/types\/post"}],"author":[{"embeddable":true,"href":"https:\/\/elmundodelosnegocios.com.do\/v1\/wp-json\/wp\/v2\/users\/2"}],"replies":[{"embeddable":true,"href":"https:\/\/elmundodelosnegocios.com.do\/v1\/wp-json\/wp\/v2\/comments?post=22799"}],"version-history":[{"count":0,"href":"https:\/\/elmundodelosnegocios.com.do\/v1\/wp-json\/wp\/v2\/posts\/22799\/revisions"}],"wp:featuredmedia":[{"embeddable":true,"href":"https:\/\/elmundodelosnegocios.com.do\/v1\/wp-json\/wp\/v2\/media\/22800"}],"wp:attachment":[{"href":"https:\/\/elmundodelosnegocios.com.do\/v1\/wp-json\/wp\/v2\/media?parent=22799"}],"wp:term":[{"taxonomy":"category","embeddable":true,"href":"https:\/\/elmundodelosnegocios.com.do\/v1\/wp-json\/wp\/v2\/categories?post=22799"},{"taxonomy":"post_tag","embeddable":true,"href":"https:\/\/elmundodelosnegocios.com.do\/v1\/wp-json\/wp\/v2\/tags?post=22799"}],"curies":[{"name":"wp","href":"https:\/\/api.w.org\/{rel}","templated":true}]}}