{"id":22808,"date":"2022-09-29T12:19:15","date_gmt":"2022-09-29T16:49:15","guid":{"rendered":"https:\/\/elmundodelosnegocios.com.do\/v1\/?p=22808"},"modified":"2022-09-29T12:19:15","modified_gmt":"2022-09-29T16:49:15","slug":"creditos-comerciales-privados-representan-el-54-7-de-las-carteras-de-financiamientos","status":"publish","type":"post","link":"https:\/\/elmundodelosnegocios.com.do\/v1\/creditos-comerciales-privados-representan-el-54-7-de-las-carteras-de-financiamientos\/","title":{"rendered":"Cr\u00e9ditos comerciales privados representan el 54.7 % de las carteras de financiamientos"},"content":{"rendered":"<p>Las carteras de cr\u00e9ditos del sistema financiero del pa\u00eds mantiene sus mayores porcentajes dominados por los pr\u00e9stamos comerciales privados, as\u00ed como aquellos que tienen la finalidad de consumo.<\/p>\n<p>Ambos conceptos representan el 77.4 % de la composici\u00f3n de los financiamientos que tiene el sistema registrados.<\/p>\n<p>Sin embargo, de estos dos renglones los cr\u00e9ditos comerciales se lanzan con el 54.7 % lo que les da ventaja significativa frente a financiamientos como la hipotecaria (18.4 %), tarjetas de cr\u00e9dito personales (4.2 %) y p\u00fablica (2.6 %).<\/p>\n<p>En total la Superintendencia de Bancos mantiene registro de la cartera de cr\u00e9ditos ascendentes a RD$1.51 billones que equivalen al 28.1 % del Producto Interno Bruto (PIB).<\/p>\n<p>\u201cHa registrado un aumento de RD$190,144 millones con respecto al a\u00f1o anterior. La participaci\u00f3n de la cartera en moneda extranjera increment\u00f3 en 2 puntos porcentuales respecto a junio de 2021, indican las cifras oficiales. Su ponderaci\u00f3n dentro de la cartera total es de 20.0 % el cual lo ubica un punto por encima al 19 % del promedio de los \u00faltimos 24 meses. La SB destaca la tendencia de crecimiento de la cantidad de empresas que han accedido al cr\u00e9dito, ascendiendo la cantidad de deudores a 30,017 al cierre del trimestre, un 8.4 % m\u00e1s que los \u00faltimos 12 meses\u201d, especifica el an\u00e1lisis.<\/p>\n<p>Al realizar distribuciones geogr\u00e1ficas, las zonas de residencia de mayor crecimiento hasta junio de este a\u00f1o relacionadas a los financiamientos fueron las regiones Sur y Metropolitana, con 15.6 % y 14.9 % respectivamente, las cuales representan en conjunto un 30.5 % de la cartera privada.<\/p>\n","protected":false},"excerpt":{"rendered":"<p>Las carteras de cr\u00e9ditos del sistema financiero del pa\u00eds mantiene sus mayores porcentajes dominados por los pr\u00e9stamos comerciales privados, as\u00ed como aquellos que tienen la finalidad de consumo. Ambos conceptos&hellip; <\/p>\n","protected":false},"author":2,"featured_media":22809,"comment_status":"closed","ping_status":"closed","sticky":false,"template":"","format":"standard","meta":{"fifu_image_url":"","fifu_image_alt":"","footnotes":""},"categories":[94],"tags":[],"class_list":["post-22808","post","type-post","status-publish","format-standard","has-post-thumbnail","hentry","category-finanzas"],"_links":{"self":[{"href":"https:\/\/elmundodelosnegocios.com.do\/v1\/wp-json\/wp\/v2\/posts\/22808","targetHints":{"allow":["GET"]}}],"collection":[{"href":"https:\/\/elmundodelosnegocios.com.do\/v1\/wp-json\/wp\/v2\/posts"}],"about":[{"href":"https:\/\/elmundodelosnegocios.com.do\/v1\/wp-json\/wp\/v2\/types\/post"}],"author":[{"embeddable":true,"href":"https:\/\/elmundodelosnegocios.com.do\/v1\/wp-json\/wp\/v2\/users\/2"}],"replies":[{"embeddable":true,"href":"https:\/\/elmundodelosnegocios.com.do\/v1\/wp-json\/wp\/v2\/comments?post=22808"}],"version-history":[{"count":0,"href":"https:\/\/elmundodelosnegocios.com.do\/v1\/wp-json\/wp\/v2\/posts\/22808\/revisions"}],"wp:featuredmedia":[{"embeddable":true,"href":"https:\/\/elmundodelosnegocios.com.do\/v1\/wp-json\/wp\/v2\/media\/22809"}],"wp:attachment":[{"href":"https:\/\/elmundodelosnegocios.com.do\/v1\/wp-json\/wp\/v2\/media?parent=22808"}],"wp:term":[{"taxonomy":"category","embeddable":true,"href":"https:\/\/elmundodelosnegocios.com.do\/v1\/wp-json\/wp\/v2\/categories?post=22808"},{"taxonomy":"post_tag","embeddable":true,"href":"https:\/\/elmundodelosnegocios.com.do\/v1\/wp-json\/wp\/v2\/tags?post=22808"}],"curies":[{"name":"wp","href":"https:\/\/api.w.org\/{rel}","templated":true}]}}