{"id":22825,"date":"2022-09-30T14:27:23","date_gmt":"2022-09-30T18:57:23","guid":{"rendered":"https:\/\/elmundodelosnegocios.com.do\/v1\/?p=22825"},"modified":"2022-09-30T14:27:23","modified_gmt":"2022-09-30T18:57:23","slug":"mondiacult-2022-destacan-necesidad-de-implementar-politicas-publicas-a-favor-de-la-cultura","status":"publish","type":"post","link":"https:\/\/elmundodelosnegocios.com.do\/v1\/mondiacult-2022-destacan-necesidad-de-implementar-politicas-publicas-a-favor-de-la-cultura\/","title":{"rendered":"MONDIACULT 2022 destacan necesidad de implementar pol\u00edticas p\u00fablicas a favor de la cultura"},"content":{"rendered":"<p>M\u00e9xico D. F.-\u00a0<strong>La Ministra de Cultura, Milagros Germ\u00e1n,<\/strong>\u00a0abog\u00f3 en la Conferencia Mundial sobre Pol\u00edticas Culturales y Desarrollo Sostenible\u00a0<strong><a href=\"https:\/\/presidencia.gob.do\/noticias\/rd-presente-en-la-conferencia-mundial-sobre-politica-cultural-y-desarrollo-sostenible\">UNESCO- MONDIACULT 2022<\/a>\u00a0<\/strong>por la necesaria protecci\u00f3n de la cultura a trav\u00e9s de\u00a0<strong>pol\u00edticas p\u00fablicas eficientes, sostenibles y duraderas.<\/strong><\/p>\n<p>En el firme discurso que pronunci\u00f3 ante la Asamblea, un encuentro de alto nivel que re\u00fane a\u00a0<strong>151 ministros de Cultura<\/strong>\u00a0hasta el 30 de septiembre en la Ciudad de M\u00e9xico, la funcionaria y jefa de delegaci\u00f3n dominicana valor\u00f3 la trascendencia de encuentros como UNESCO &#8211; MONDIACULT 2022, y calific\u00f3 este c\u00f3nclave como\u00a0<em>\u201cun escenario relevante para identificar y contrastar experiencias comunes y celebrar nuevos acuerdos de cooperaci\u00f3n\u201d<\/em>.<\/p>\n<p><img loading=\"lazy\" decoding=\"async\" src=\"https:\/\/presidencia.gob.do\/sites\/default\/files\/content\/5E84B3EB-A059-4AE1-A34E-16896DC9C42A.jpeg\" alt=\"\" width=\"8402\" height=\"3908\" data-entity-type=\"file\" data-entity-uuid=\"d4c43283-0f1b-4f1e-9935-e688a73e92a0\" \/><\/p>\n<p><em>\u201cHoy, 40 a\u00f1os despu\u00e9s de la primera edici\u00f3n de MONDIACULT, nuestra regi\u00f3n es protagonista para la construcci\u00f3n de ciudadan\u00eda y la econom\u00eda creativa como un elemento en la discusi\u00f3n sobre derechos culturales, la cultura como elemento fundamental en la creaci\u00f3n de empleo de calidad que incluya a las poblaciones marginadas y vulnerables de nuestras sociedades\u201d,<\/em>\u00a0destac\u00f3 Germ\u00e1n en su discurso.<\/p>\n<p>La Ministra afirm\u00f3 que las pol\u00edticas p\u00fablicas deben garantizar la extensi\u00f3n de los beneficios a toda la poblaci\u00f3n y que estas provoquen la\u00a0<strong>exaltaci\u00f3n de la diversidad cultural para la confirmaci\u00f3n de la identidad<\/strong>, que estimulen la libertad de creaci\u00f3n y de expresi\u00f3n, as\u00ed como la preservaci\u00f3n del\u00a0<strong>patrimonio material e inmaterial<\/strong>, y que fomenten y apoyen la sublime y compleja creaci\u00f3n art\u00edstica, abrazando\u00a0<strong>sus m\u00faltiples formatos<\/strong>.<\/p>\n<p>La funcionaria tambi\u00e9n hizo balance del tiempo que lleva en el cargo, y dijo que durante los 22 a\u00f1os de existencia del Ministerio y, posteriormente,\u00a0<strong>con la inclusi\u00f3n de los derechos culturales como parte de nuestra nueva Constituci\u00f3n<\/strong>, la instituci\u00f3n\u00a0que dirige ha mostrado un crecimiento constante en la creaci\u00f3n de mecanismos de participaci\u00f3n en lo relativo a las acciones culturales auspiciadas por el Estado.<\/p>\n<p>Asimismo, la Ministra habl\u00f3 sobre\u00a0<em>\u201cla necesidad de proponer y discutir con nuestros gobiernos la importancia de una pol\u00edtica de diplomacia cultural, como parte de las acciones que garanticen el intercambio entre nuestros pueblos y compartir experiencias que nos lleven a crear una nueva ciudadan\u00eda para construir la paz\u201d.<\/em><\/p>\n","protected":false},"excerpt":{"rendered":"<p>M\u00e9xico D. F.-\u00a0La Ministra de Cultura, Milagros Germ\u00e1n,\u00a0abog\u00f3 en la Conferencia Mundial sobre Pol\u00edticas Culturales y Desarrollo Sostenible\u00a0UNESCO- MONDIACULT 2022\u00a0por la necesaria protecci\u00f3n de la cultura a trav\u00e9s de\u00a0pol\u00edticas p\u00fablicas&hellip; <\/p>\n","protected":false},"author":2,"featured_media":22826,"comment_status":"closed","ping_status":"closed","sticky":false,"template":"","format":"standard","meta":{"fifu_image_url":"","fifu_image_alt":"","footnotes":""},"categories":[148],"tags":[],"class_list":["post-22825","post","type-post","status-publish","format-standard","has-post-thumbnail","hentry","category-cultura"],"_links":{"self":[{"href":"https:\/\/elmundodelosnegocios.com.do\/v1\/wp-json\/wp\/v2\/posts\/22825","targetHints":{"allow":["GET"]}}],"collection":[{"href":"https:\/\/elmundodelosnegocios.com.do\/v1\/wp-json\/wp\/v2\/posts"}],"about":[{"href":"https:\/\/elmundodelosnegocios.com.do\/v1\/wp-json\/wp\/v2\/types\/post"}],"author":[{"embeddable":true,"href":"https:\/\/elmundodelosnegocios.com.do\/v1\/wp-json\/wp\/v2\/users\/2"}],"replies":[{"embeddable":true,"href":"https:\/\/elmundodelosnegocios.com.do\/v1\/wp-json\/wp\/v2\/comments?post=22825"}],"version-history":[{"count":0,"href":"https:\/\/elmundodelosnegocios.com.do\/v1\/wp-json\/wp\/v2\/posts\/22825\/revisions"}],"wp:featuredmedia":[{"embeddable":true,"href":"https:\/\/elmundodelosnegocios.com.do\/v1\/wp-json\/wp\/v2\/media\/22826"}],"wp:attachment":[{"href":"https:\/\/elmundodelosnegocios.com.do\/v1\/wp-json\/wp\/v2\/media?parent=22825"}],"wp:term":[{"taxonomy":"category","embeddable":true,"href":"https:\/\/elmundodelosnegocios.com.do\/v1\/wp-json\/wp\/v2\/categories?post=22825"},{"taxonomy":"post_tag","embeddable":true,"href":"https:\/\/elmundodelosnegocios.com.do\/v1\/wp-json\/wp\/v2\/tags?post=22825"}],"curies":[{"name":"wp","href":"https:\/\/api.w.org\/{rel}","templated":true}]}}