{"id":22828,"date":"2022-09-30T14:29:13","date_gmt":"2022-09-30T18:59:13","guid":{"rendered":"https:\/\/elmundodelosnegocios.com.do\/v1\/?p=22828"},"modified":"2022-09-30T14:29:13","modified_gmt":"2022-09-30T18:59:13","slug":"prodominicana-ponen-en-marcha-diplomados-para-el-desarrollo-del-comercio-exterior","status":"publish","type":"post","link":"https:\/\/elmundodelosnegocios.com.do\/v1\/prodominicana-ponen-en-marcha-diplomados-para-el-desarrollo-del-comercio-exterior\/","title":{"rendered":"ProDominicana ponen en marcha diplomados para el desarrollo del Comercio Exterior"},"content":{"rendered":"<p>Santo Domingo.- El Centro de Exportaci\u00f3n e Inversi\u00f3n de la Rep\u00fablica Dominicana (ProDominicana) puso en marcha dos diplomados que forman parte del proceso de actualizaci\u00f3n y relanzamiento del Instituto ProDominicana, antes conocido como ICEI, que tiene el objetivo de aportar a la preparaci\u00f3n y fortalecimiento de las capacidades del pa\u00eds en materia de comercio exterior, tanto para los exportadores como los potenciales exportadores y la sociedad en general.<\/p>\n<p>La Direcci\u00f3n de Talento Humano y Servicios de la instituci\u00f3n present\u00f3 la oferta formativa con la que dar\u00e1n inicio al instituto. El nuevo espacio acad\u00e9mico aspira a convertirse en una entidad de educaci\u00f3n superior.<\/p>\n<p>\u201cNos disponemos a ofrecer la oferta formativa m\u00e1s actualizada, completa e innovadora de la regi\u00f3n en materia de comercio exterior\u201d, observ\u00f3 Biviana Riveiro, directora ejecutiva de ProDominicana.<\/p>\n<p>\u201cEn el marco del Plan Nacional de Fomento a las Exportaciones, contemplamos la tecnificaci\u00f3n como un paso indispensable para elevar la capacidad productiva, la identificaci\u00f3n estrat\u00e9gica de nuevos destinos y el incremento de nuestras oportunidades de posicionamiento como l\u00edderes exportadores. Y ese es el objetivo a mediano y largo plazo del instituto\u201d, agreg\u00f3 la directora.<\/p>\n<p>Asimismo, inform\u00f3 que a partir de octubre las puertas de la instituci\u00f3n estar\u00e1n abiertas para aquellos exportadores y potenciales exportadores interesados en participar en el diplomado en Gesti\u00f3n de Operaciones de Exportaci\u00f3n. Este se centra en log\u00edstica, aduanas, transportaci\u00f3n, tr\u00e1mites y procedimientos, costos, marketing, aspectos legales, entre otros.<\/p>\n<p>Otro programa formativo es el diplomado en Comercio Exterior: Concentraci\u00f3n en Desarrollo de Nuevos Mercados. Este agotar\u00e1 un temario en torno a las estrategias y tendencias fundamentales para incrementar las oportunidades de las exportaciones en diversos mercados internacionales.<\/p>\n<p>El comercio mundial, viene presentando una tendencia importante de crecimiento<\/p>\n<p>Cabe destacar que, la Organizaci\u00f3n Mundial del Comercio (OMC) prev\u00e9 un crecimiento en el volumen del comercio mundial de mercanc\u00edas en un 3.0 % en 2022 y un 3.4 % en 2023. El volumen del comercio de mercanc\u00edas aument\u00f3 un 9.8 % en 2021. Mientras que el valor de este comercio en d\u00f3lares se increment\u00f3 un 26 % y alcanz\u00f3 la cifra de 22.4 billones de d\u00f3lares.<\/p>\n<p>En el caso del valor del comercio de servicios comerciales tambi\u00e9n aument\u00f3 en 2021, un 15 %, y ascendi\u00f3 a 5.7 billones de d\u00f3lares EE.UU. En el mundo se transan m\u00e1s de 30,000 billones en e-commerce. Los principales pa\u00edses en ventas e-commerce son Estados Unidos, Jap\u00f3n, China y Corea.<\/p>\n<p>Es oportuno destacar que la pandemia del COVID-19 ha acelerado el uso creciente de los medios de pago electr\u00f3nicos, presentando un aumento de 28.1 % en el volumen de operaciones en el a\u00f1o 2021, con respecto al a\u00f1o 2019 antes de la pandemia<\/p>\n<p>En el marco del lanzamiento, el profesor de Barna Management School, Oscar Calder\u00f3n, present\u00f3 la conferencia magistral Transformaci\u00f3n Digital y su impacto en el Comercio Internacional. Con su ponencia, el Instituto ProDominicana marc\u00f3 la t\u00f3nica del nivel de las formaciones t\u00e9cnicas y de nivel superior que pondr\u00e1n en marcha.<\/p>\n","protected":false},"excerpt":{"rendered":"<p>Santo Domingo.- El Centro de Exportaci\u00f3n e Inversi\u00f3n de la Rep\u00fablica Dominicana (ProDominicana) puso en marcha dos diplomados que forman parte del proceso de actualizaci\u00f3n y relanzamiento del Instituto ProDominicana,&hellip; <\/p>\n","protected":false},"author":2,"featured_media":22829,"comment_status":"closed","ping_status":"closed","sticky":false,"template":"","format":"standard","meta":{"fifu_image_url":"","fifu_image_alt":"","footnotes":""},"categories":[74],"tags":[],"class_list":["post-22828","post","type-post","status-publish","format-standard","has-post-thumbnail","hentry","category-comercio-internacional"],"_links":{"self":[{"href":"https:\/\/elmundodelosnegocios.com.do\/v1\/wp-json\/wp\/v2\/posts\/22828","targetHints":{"allow":["GET"]}}],"collection":[{"href":"https:\/\/elmundodelosnegocios.com.do\/v1\/wp-json\/wp\/v2\/posts"}],"about":[{"href":"https:\/\/elmundodelosnegocios.com.do\/v1\/wp-json\/wp\/v2\/types\/post"}],"author":[{"embeddable":true,"href":"https:\/\/elmundodelosnegocios.com.do\/v1\/wp-json\/wp\/v2\/users\/2"}],"replies":[{"embeddable":true,"href":"https:\/\/elmundodelosnegocios.com.do\/v1\/wp-json\/wp\/v2\/comments?post=22828"}],"version-history":[{"count":0,"href":"https:\/\/elmundodelosnegocios.com.do\/v1\/wp-json\/wp\/v2\/posts\/22828\/revisions"}],"wp:featuredmedia":[{"embeddable":true,"href":"https:\/\/elmundodelosnegocios.com.do\/v1\/wp-json\/wp\/v2\/media\/22829"}],"wp:attachment":[{"href":"https:\/\/elmundodelosnegocios.com.do\/v1\/wp-json\/wp\/v2\/media?parent=22828"}],"wp:term":[{"taxonomy":"category","embeddable":true,"href":"https:\/\/elmundodelosnegocios.com.do\/v1\/wp-json\/wp\/v2\/categories?post=22828"},{"taxonomy":"post_tag","embeddable":true,"href":"https:\/\/elmundodelosnegocios.com.do\/v1\/wp-json\/wp\/v2\/tags?post=22828"}],"curies":[{"name":"wp","href":"https:\/\/api.w.org\/{rel}","templated":true}]}}