{"id":22832,"date":"2022-10-01T03:00:45","date_gmt":"2022-10-01T07:30:45","guid":{"rendered":"http:\/\/elmundodelosnegocios.com.do\/v1\/index.php\/2022\/10\/01\/resumen-la-alianza-de-propietarios-de-activos-para-las-cero-emisiones-netas-convocada-por-la-onu-organizara-un-foro-de-alto-nivel-sobre-el-potencial-de-las-finanzas-mixtas\/"},"modified":"2022-10-01T03:00:45","modified_gmt":"2022-10-01T07:30:45","slug":"resumen-la-alianza-de-propietarios-de-activos-para-las-cero-emisiones-netas-convocada-por-la-onu-organizara-un-foro-de-alto-nivel-sobre-el-potencial-de-las-finanzas-mixtas","status":"publish","type":"post","link":"https:\/\/elmundodelosnegocios.com.do\/v1\/resumen-la-alianza-de-propietarios-de-activos-para-las-cero-emisiones-netas-convocada-por-la-onu-organizara-un-foro-de-alto-nivel-sobre-el-potencial-de-las-finanzas-mixtas\/","title":{"rendered":"Resumen: La Alianza de Propietarios de Activos para las Cero Emisiones Netas, convocada por la ONU, organizar\u00e1 un foro de alto nivel sobre el potencial de las finanzas mixtas"},"content":{"rendered":"<p>GINEBRA&#8211;(BUSINESS WIRE)&#8211;No se pierda este evento especial en l\u00ednea organizado por la Alianza de Propietarios de Activos para las Cero Emisiones Netas y la Iniciativa Financiera del Programa de las Naciones Unidas para el Medio Ambiente (UNEP FI), en el que participar\u00e1n el Dr. Mahmoud Mohieldin, Campe\u00f3n de Alto Nivel de las Naciones Unidas para el Cambio Clim\u00e1tico, el Dr. J\u00f6rg Kukies, de la Canciller\u00eda alemana, y la Dra. Andrea Hauser, del KfW.<\/p>\n<p>Inscr\u00edbase aqu\u00ed en Scaling Blended Finance for Climate Solution Investment in Emerging Markets (Ampliaci\u00f3n de la financiaci\u00f3n combinada para la inversi\u00f3n en soluciones clim\u00e1ticas en los mercados emergentes), que se celebrar\u00e1 el 5 de octubre de 2022 a las 16:00, hora peninsular espa\u00f1ola) .<\/p>\n<p>Antes de la Asamblea General del Fondo Monetario Internacional\/Banco Mundial y de la COP27, este foro pretende elevar el tema de la financiaci\u00f3n mixta a los responsables de la toma de decisiones al m\u00e1s alto nivel, sin los cuales el progreso es imposible.<\/p>\n<p>El comunicado en el idioma original es la versi\u00f3n oficial y autorizada del mismo. Esta traducci\u00f3n es solamente un medio de ayuda y deber\u00e1 ser comparada con el texto en idioma original, que es la \u00fanica versi\u00f3n del texto que tendr\u00e1 validez legal.<br \/>\n Contacts<br \/>\nOliver Wagg<br \/>\nUN Net-Zero Asset Owner Alliance<br \/>\n+44 7885 377264<br \/>\noliver.wagg@un.org<br \/>\nChristiane Hach<br \/>\nAllianz SE<br \/>\n+49 152 09096029<br \/>\nchristiane.hach@allianz.com<\/p>\n","protected":false},"excerpt":{"rendered":"<p>GINEBRA&#8211;(BUSINESS WIRE)&#8211;No se pierda este evento especial en l\u00ednea organizado por la Alianza de Propietarios de Activos para las Cero Emisiones Netas y la Iniciativa Financiera del Programa de las&hellip; <\/p>\n","protected":false},"author":2,"featured_media":0,"comment_status":"closed","ping_status":"closed","sticky":false,"template":"","format":"standard","meta":{"fifu_image_url":"","fifu_image_alt":"","footnotes":""},"categories":[252],"tags":[253],"class_list":["post-22832","post","type-post","status-publish","format-standard","hentry","category-business-wire","tag-business-wire"],"_links":{"self":[{"href":"https:\/\/elmundodelosnegocios.com.do\/v1\/wp-json\/wp\/v2\/posts\/22832","targetHints":{"allow":["GET"]}}],"collection":[{"href":"https:\/\/elmundodelosnegocios.com.do\/v1\/wp-json\/wp\/v2\/posts"}],"about":[{"href":"https:\/\/elmundodelosnegocios.com.do\/v1\/wp-json\/wp\/v2\/types\/post"}],"author":[{"embeddable":true,"href":"https:\/\/elmundodelosnegocios.com.do\/v1\/wp-json\/wp\/v2\/users\/2"}],"replies":[{"embeddable":true,"href":"https:\/\/elmundodelosnegocios.com.do\/v1\/wp-json\/wp\/v2\/comments?post=22832"}],"version-history":[{"count":0,"href":"https:\/\/elmundodelosnegocios.com.do\/v1\/wp-json\/wp\/v2\/posts\/22832\/revisions"}],"wp:attachment":[{"href":"https:\/\/elmundodelosnegocios.com.do\/v1\/wp-json\/wp\/v2\/media?parent=22832"}],"wp:term":[{"taxonomy":"category","embeddable":true,"href":"https:\/\/elmundodelosnegocios.com.do\/v1\/wp-json\/wp\/v2\/categories?post=22832"},{"taxonomy":"post_tag","embeddable":true,"href":"https:\/\/elmundodelosnegocios.com.do\/v1\/wp-json\/wp\/v2\/tags?post=22832"}],"curies":[{"name":"wp","href":"https:\/\/api.w.org\/{rel}","templated":true}]}}