{"id":22979,"date":"2022-10-07T07:46:29","date_gmt":"2022-10-07T12:16:29","guid":{"rendered":"https:\/\/elmundodelosnegocios.com.do\/v1\/?p=22979"},"modified":"2022-10-07T07:46:32","modified_gmt":"2022-10-07T12:16:32","slug":"inauguran-xix-seminario-internacional-fiap-sobre-sistemas-de-pensiones","status":"publish","type":"post","link":"https:\/\/elmundodelosnegocios.com.do\/v1\/inauguran-xix-seminario-internacional-fiap-sobre-sistemas-de-pensiones\/","title":{"rendered":"Inauguran XIX Seminario Internacional FIAP sobre sistemas de pensiones"},"content":{"rendered":"\n<p><strong><em>El evento es organizado por la Federaci\u00f3n Internacional de AFP y la ADAFP en Punta Cana.&nbsp;<\/em><\/strong><\/p>\n\n\n\n<p><strong>PUNTA CANA, Rep<\/strong><strong>\u00fa<\/strong><strong>blica Dominicana.<\/strong>&nbsp;Con la participaci\u00f3n de la Vicepresidenta de la Rep\u00fablica, Raquel Pe\u00f1a, la Federaci\u00f3n Internacional de AFP (FIAP) y la Asociaci\u00f3n Dominicana de Administradoras de Fondos de Pensiones (ADAFP) inauguraron el XIX Seminario Internacional FIAP 2022 \u201cDesaf\u00edos y soluciones para las pensiones de hoy y ma\u00f1ana\u201d.<\/p>\n\n\n<div class=\"wp-block-image\">\n<figure class=\"alignleft\"><img decoding=\"async\" src=\"http:\/\/adafp.org.do\/wp-content\/uploads\/2022\/10\/La-Vicepresidenta-Raquel-Pena-1-300x198.jpg\" alt=\"\" class=\"wp-image-417\"\/><\/figure>\n<\/div>\n\n\n<p>La Vicepresidenta Raquel Pe\u00f1a expres\u00f3 que \u201cen el caso de Rep\u00fablica Dominicana, el presidente Luis Abinader ha planteado la necesidad de que nuestro sistema de pensiones garantice una manera de vivir digna cuando la vida laboral termine y se pase a una condici\u00f3n de retiro\u201d.<\/p>\n\n\n\n<p>Pe\u00f1a dijo que el presidente Abinader, en su plan para reformar el Sistema de Seguridad Social, considera un sistema de capitalizaci\u00f3n individual que asegure que todos los trabajadores tengan una pensi\u00f3n m\u00ednima garantizada. Este formato se fortalecer\u00eda en la medida en que se mejoren los salarios brindando as\u00ed una posibilidad de ahorro que les permita aumentar el monto de su pensi\u00f3n al momento del retiro.<\/p>\n\n\n<div class=\"wp-block-image\">\n<figure class=\"alignright\"><img decoding=\"async\" src=\"http:\/\/adafp.org.do\/wp-content\/uploads\/2022\/10\/Guillermo-Arthur-presidente-de-FIAP-300x200.jpg\" alt=\"\" class=\"wp-image-418\"\/><\/figure>\n<\/div>\n\n\n<p>En tanto el presidente de la FIAP, Guillermo Arthur, destac\u00f3 en sus palabras iniciales que \u201cuno de los principales m\u00e9ritos de la capitalizaci\u00f3n individual fue dar sostenibilidad a los sistemas previsionales, que, por razones demogr\u00e1ficas, los mecanismos de reparto hab\u00edan perdido\u201d. Por esto, resalt\u00f3, en 2022 46 pa\u00edses que antes ten\u00edan sistemas de reparto han incorporado mecanismos de capitalizaci\u00f3n individual en los sistemas de pensiones, mientras en 1997 la cifra era de apenas 17.<\/p>\n\n\n<div class=\"wp-block-image\">\n<figure class=\"alignleft\"><img decoding=\"async\" src=\"http:\/\/adafp.org.do\/wp-content\/uploads\/2022\/10\/Kirsis-Jaquez-presidenta-ejecutiva-de-ADAFP-300x200.jpg\" alt=\"\" class=\"wp-image-419\"\/><\/figure>\n<\/div>\n\n\n<p>En su discurso de bienvenida, la presidenta ejecutiva de la ADAFP, Kirsis J\u00e1quez, afirm\u00f3 que, mirando al futuro, el primer paso que da el sector de las administradoras de fondos de pensiones es analizar en profundidad los desaf\u00edos de los sistemas de pensiones porque solo as\u00ed podremos centrarnos en lo que m\u00e1s importa, que son las soluciones para que los trabajadores tengan m\u00e1s y mejores pensiones.<\/p>\n\n\n\n<p>En la Rep\u00fablica Dominicana, \u201cel sistema de capitalizaci\u00f3n individual ha sido un ganar \u2013 ganar, primero para los afiliados, porque han visto incrementado su patrimonio en m\u00e1s del 50% por el rendimiento acumulado, y, segundo, para el pa\u00eds, pues seg\u00fan un estudio sobre el impacto del sistema presentado este a\u00f1o este ahorro previsional ha permitido que la Rep\u00fablica Dominicana crezca m\u00e1s de un punto porcentual adicional cada a\u00f1o entre 2003 y 2019. Esto significa que el 22% del crecimiento acumulado del Producto Interno Bruto de ese per\u00edodo se explica por el ahorro individual acumulado para el retiro\u201d, indic\u00f3 J\u00e1quez.<\/p>\n\n\n\n<p>Unas 300 personas de m\u00e1s de 15 pa\u00edses se dan cita en Punta Cana hasta este viernes 7 de octubre para analizar los desaf\u00edos que enfrentan los sistemas de pensiones en el mundo ante retos como la informalidad laboral y la longevidad de la poblaci\u00f3n. La conferencia inicial del d\u00eda estuvo a cargo de Klaus Schmidt-Hebbel, Ph.D. en econom\u00eda del Instituto Tecnol\u00f3gico de Massachusetts (MIT), y se centr\u00f3 en \u201cLa econom\u00eda mundial, los sistemas de pensiones latinoamericanos y sus desaf\u00edos\u201d.<\/p>\n\n\n\n<p><strong>Paneles<\/strong><\/p>\n\n\n\n<p>El primer panel del seminario se centr\u00f3 en \u201cLos desaf\u00edos de los sistemas de pensiones\u201d, moderado por Giovanna Prial\u00e9, presidenta de la Asociaci\u00f3n de AFP de Per\u00fa (AAFP). En este espacio Rodrigo Acu\u00f1a, presidente PrimAm\u00e9rica Consultores y asesor externo FIAP, expuso sobre la orientaci\u00f3n de las reformas de pensiones en el mundo y resalt\u00f3 que \u201clos sistemas de capitalizaci\u00f3n individual impulsan el crecimiento del PIB, del empleo y de la productividad, con efectos positivos sobre la formalizaci\u00f3n del mercado laboral y la cobertura y cotizaciones al sistema de pensiones. Estudios realizados para distintos pa\u00edses de Am\u00e9rica Latina concluyen que los sistemas de capitalizaci\u00f3n individual explicaron entre un 6% y 22% del aumento del PIB anual en el periodo que analizaron\u201d.<\/p>\n\n\n\n<p>Yuzhao Xie, investigadora de la Academia China de Trabajo y Seguridad Social, present\u00f3 de manera virtual el Sistema de Pensiones de China, de M\u00faltiples Niveles y Pilares. La Importancia de los Factores Ambientales, Sociales y de Gobierno Corporativo (ASG) en la inversi\u00f3n de los fondos de pensiones fue presentada por Gonzalo Rengifo, Head Iberia &amp; Latam en Pictet Asset Management. Diego Valero, presidente Novaster, habl\u00f3 sobre la educaci\u00f3n previsional y salud financiera: la comunicaci\u00f3n desde la ciencia del comportamiento.<\/p>\n\n\n\n<p>El segundo panel se fue sobre \u201cEl desaf\u00edo de mejorar las pensiones m\u00e1s all\u00e1 de los programas<br>contributivos obligatorios\u201d, moderado por Constanza Bollmann, gerente general AAFP de Chile. \u201cLa Informalidad laboral en Am\u00e9rica Latina y el Caribe: Retos y soluciones\u201d fue el tema presentado por&nbsp;&nbsp; Carlos Ram\u00edrez, director de desarrollo de negocios en Integralia, quien afirm\u00f3 que del 45% al 50% de la poblaci\u00f3n empleada en Latinoam\u00e9rica obtiene sus ingresos en la econom\u00eda informal, lo que representa 140 millones de personas.<\/p>\n\n\n\n<p>El desaf\u00edo de lograr mejores pensiones para las mujeres fue el tema tratado por Mar\u00eda de las Nieves Lanzagorta, Vicepresidenta de Vinculaci\u00f3n Asociaci\u00f3n Mexicana de Afores (AMAFORE). Lanzagorta sostuvo que seg\u00fan estad\u00edsticas las mujeres viven m\u00e1s a\u00f1os, cotizan menos y ganan menos incluso para los mismos niveles de responsabilidad, lo que afecta su retiro al provocar que acumulen menos dinero en sus cuentas.<\/p>\n\n\n\n<p>Para reducir la brecha de g\u00e9nero -que, seg\u00fan datos de la OCDE, en pensiones es de 25% para los pa\u00edses miembros, mientras que la brecha salarial es de 13%- Mar\u00eda de las Nieves Lanzagorta considera necesario igualar edades de jubilaci\u00f3n entre hombres y mujeres; transparencia salarial al interior de las empresas (mismo cargo, mismas responsabilidades, misma remuneraci\u00f3n); licencia de maternidad y de paternidad obligatoria para ambos, escalonada y de duraci\u00f3n equivalente; incentivos para retorno al trabajo, as\u00ed como contar con sistemas nacionales de cuidados para los hijos.<\/p>\n\n\n\n<p>El especialista senior en protecci\u00f3n social del Banco Mundial, Gonzalo Reyes, disert\u00f3 sobre la \u201cEvoluci\u00f3n de los programas de pensiones no contributivos en Am\u00e9rica Latina\u201d. Reyes afirm\u00f3 que las pensiones no contributivas has surgido como mecanismo para cerrar brecha de cobertura en poblaci\u00f3n adulta mayor, sin embargo, el envejecimiento y las presiones pol\u00edticas amenazan su sostenibilidad. Mientras, Gautam Bhardwaj, cofundador PinBox Solutions, habl\u00f3 de las \u201cMicropensiones y su incorporaci\u00f3n de mercados laborales informales para expandir la cobertura: an\u00e1lisis y experiencias internacionales\u201d. La conferencia Herramientas de la econom\u00eda del comportamiento para las etapas de acumulaci\u00f3n y desacumulaci\u00f3n en los sistemas de pensiones fue dictada por Shlomo Benartzi, profesor em\u00e9rito UCLA, Estados Unidos.<\/p>\n","protected":false},"excerpt":{"rendered":"<p>El evento es organizado por la Federaci\u00f3n Internacional de AFP y la ADAFP en Punta Cana.&nbsp; PUNTA CANA, Rep\u00fablica Dominicana.&nbsp;Con la participaci\u00f3n de la Vicepresidenta de la Rep\u00fablica, Raquel Pe\u00f1a,&hellip; <\/p>\n","protected":false},"author":2,"featured_media":22980,"comment_status":"closed","ping_status":"closed","sticky":false,"template":"","format":"standard","meta":{"fifu_image_url":"","fifu_image_alt":"","footnotes":""},"categories":[187],"tags":[],"class_list":["post-22979","post","type-post","status-publish","format-standard","has-post-thumbnail","hentry","category-pensiones"],"_links":{"self":[{"href":"https:\/\/elmundodelosnegocios.com.do\/v1\/wp-json\/wp\/v2\/posts\/22979","targetHints":{"allow":["GET"]}}],"collection":[{"href":"https:\/\/elmundodelosnegocios.com.do\/v1\/wp-json\/wp\/v2\/posts"}],"about":[{"href":"https:\/\/elmundodelosnegocios.com.do\/v1\/wp-json\/wp\/v2\/types\/post"}],"author":[{"embeddable":true,"href":"https:\/\/elmundodelosnegocios.com.do\/v1\/wp-json\/wp\/v2\/users\/2"}],"replies":[{"embeddable":true,"href":"https:\/\/elmundodelosnegocios.com.do\/v1\/wp-json\/wp\/v2\/comments?post=22979"}],"version-history":[{"count":0,"href":"https:\/\/elmundodelosnegocios.com.do\/v1\/wp-json\/wp\/v2\/posts\/22979\/revisions"}],"wp:featuredmedia":[{"embeddable":true,"href":"https:\/\/elmundodelosnegocios.com.do\/v1\/wp-json\/wp\/v2\/media\/22980"}],"wp:attachment":[{"href":"https:\/\/elmundodelosnegocios.com.do\/v1\/wp-json\/wp\/v2\/media?parent=22979"}],"wp:term":[{"taxonomy":"category","embeddable":true,"href":"https:\/\/elmundodelosnegocios.com.do\/v1\/wp-json\/wp\/v2\/categories?post=22979"},{"taxonomy":"post_tag","embeddable":true,"href":"https:\/\/elmundodelosnegocios.com.do\/v1\/wp-json\/wp\/v2\/tags?post=22979"}],"curies":[{"name":"wp","href":"https:\/\/api.w.org\/{rel}","templated":true}]}}