{"id":22991,"date":"2022-10-10T06:33:57","date_gmt":"2022-10-10T11:03:57","guid":{"rendered":"https:\/\/elmundodelosnegocios.com.do\/v1\/?p=22991"},"modified":"2022-10-10T06:33:59","modified_gmt":"2022-10-10T11:03:59","slug":"voluntariado-banreservas-presenta-el-musical-into-the-woods-en-el-teatro-nacional","status":"publish","type":"post","link":"https:\/\/elmundodelosnegocios.com.do\/v1\/voluntariado-banreservas-presenta-el-musical-into-the-woods-en-el-teatro-nacional\/","title":{"rendered":"Voluntariado Banreservas presenta el musical Into The Woods en el Teatro Nacional"},"content":{"rendered":"\n<p><em>La obra es en beneficio de distintas fundaciones sin fines de lucro<\/em><br>\u00a0\u00a0<br>Con el fin de aunar esfuerzos a favor de los ni\u00f1os, j\u00f3venes y adultos, el Voluntariado Banreservas trajo al pa\u00eds el musical Into The Woods (Dentro del Bosque), que concit\u00f3 aplausos y risas de los espectadores en el Teatro Nacional.\u00a0<\/p>\n\n\n\n<p>La obra, tra\u00edda desde Broadway bajo la direcci\u00f3n general y art\u00edstica de Luis Marcell Ricart, cont\u00f3 con un toque de humor dominicano que hizo disfrutar a adultos y ni\u00f1os presentes en la sala principal Carlos Piantini.\u00a0<\/p>\n\n\n\n<p>La presidenta del Voluntariado de Banreservas, Noelia Garc\u00eda de Pereyra, expres\u00f3 su gratitud a los que se unieron en esta iniciativa creada para apoyar a fundaciones que buscan mejorar la vida de miles de personas. \u00abHoy los acompa\u00f1o junto a mi equipo con un coraz\u00f3n agradecido, porque con este peque\u00f1o gesto, estamos haciendo historia juntos\u00bb, sostuvo.<\/p>\n\n\n\n<p>Los fondos recaudados en la venta de las boletas son destinados, por d\u00eda de la funci\u00f3n, a una organizaci\u00f3n sin fines de lucro. En su primer d\u00eda, jueves seis, fue a favor de la Fundaci\u00f3n La Merced.\u00a0<\/p>\n\n\n\n<p>El espect\u00e1culo seguir\u00e1 en escena este viernes a la 8:30 p.m., a favor de la Fundaci\u00f3n Amigos Contra el C\u00e1ncer Infantil; y el s\u00e1bado y domingo a las 5:30 p.m. por las fundaciones St. Jude y Yo Tambi\u00e9n Puedo, respectivamente.<\/p>\n\n\n\n<p>Las boletas est\u00e1n disponibles en la boleter\u00eda del Teatro Nacional y en cada instituci\u00f3n sin fines de lucro participante. \u00a0<\/p>\n\n\n\n<p>A la premier asistieron la presidenta del Voluntariado, Noelia Garc\u00eda de Pereyra; el administrador general de la entidad financiera, Samuel Pereyra, y sus hijos, ejecutivos del banco y sus empresas filiales, el padre Tom\u00e1s Garc\u00eda, director de la fundaci\u00f3n La Merced; integrantes del equipo de trabajo y ni\u00f1os de esta instituci\u00f3n, invitados especiales y p\u00fablico general.<\/p>\n\n\n\n<p><strong>Into The Wood (Dentro del Bosque)<\/strong><\/p>\n\n\n\n<p>El musical Into The Woods (Dentro del bosque) es una historia escrita por James Lapine. Est\u00e1 llena de hechizos, ilusi\u00f3n y aventura. Se estren\u00f3 en el Old Globe Theatre de San Diego, Estados Unidos, en 1986, y luego en Broadway el cinco de noviembre de 1987.\u00a0<\/p>\n\n\n\n<p>La trama principal es entre un panadero y su esposa, quienes buscan romper el hechizo que les conjur\u00f3 una bruja, dej\u00e1ndoles est\u00e9riles. Para la soluci\u00f3n se dirigen al bosque a encontrar todos los elementos, lugar donde se mezcla la historia con los afamados cuentos de Caperucita Roja, Jack y las habichuelas m\u00e1gicas, Rapunzel y Cenicienta. Es una obra con ense\u00f1anzas sobre la codicia, la familia y la muerte.<\/p>\n\n\n\n<p>La obra es interpretada totalmente en espa\u00f1ol con la participaci\u00f3n de 17 actores en escena. En los papeles principales: Laura Leclerc como la esposa del panadero;\u00a0 Roger Manzano como el panadero, Francesca Yurull Ure\u00f1a como la Bruja, Axel Mansilla como Narrador y Hombre Misterioso, Sof\u00eda Reyes Delance como la Cenicienta, Alejandro Gonz\u00e1lez como Jack, Nabila Isa\u00edas Alma y Gabriela Bonarelli como Caperucita Roja.<\/p>\n\n\n\n<p>En las actuaciones secundarias interpretan Luis Marcell Ricart, al Lobo Feroz, Ana Mar\u00eda Jim\u00e9nez a Aiguish, Ameris Cepeda a la madre de Jack, Laura Alc\u00e1ntara a la madrastra, \u00c1ngela Bernal a Florinda; Clara Contreras, a Lucinda; Mar\u00eda Victoria Dom\u00ednguez a la abuelita; Camila Tejada Alvino a Rapunzel; Edwin Rivera al pr\u00edncipe de Cenicienta; Luis Armando Rivera al pr\u00edncipe de Rapunzel y Alexander D\u00edaz al lacayo.<\/p>\n","protected":false},"excerpt":{"rendered":"<p>La obra es en beneficio de distintas fundaciones sin fines de lucro\u00a0\u00a0Con el fin de aunar esfuerzos a favor de los ni\u00f1os, j\u00f3venes y adultos, el Voluntariado Banreservas trajo al&hellip; <\/p>\n","protected":false},"author":2,"featured_media":22992,"comment_status":"closed","ping_status":"closed","sticky":false,"template":"","format":"standard","meta":{"fifu_image_url":"","fifu_image_alt":"","footnotes":""},"categories":[148],"tags":[],"class_list":["post-22991","post","type-post","status-publish","format-standard","has-post-thumbnail","hentry","category-cultura"],"_links":{"self":[{"href":"https:\/\/elmundodelosnegocios.com.do\/v1\/wp-json\/wp\/v2\/posts\/22991","targetHints":{"allow":["GET"]}}],"collection":[{"href":"https:\/\/elmundodelosnegocios.com.do\/v1\/wp-json\/wp\/v2\/posts"}],"about":[{"href":"https:\/\/elmundodelosnegocios.com.do\/v1\/wp-json\/wp\/v2\/types\/post"}],"author":[{"embeddable":true,"href":"https:\/\/elmundodelosnegocios.com.do\/v1\/wp-json\/wp\/v2\/users\/2"}],"replies":[{"embeddable":true,"href":"https:\/\/elmundodelosnegocios.com.do\/v1\/wp-json\/wp\/v2\/comments?post=22991"}],"version-history":[{"count":0,"href":"https:\/\/elmundodelosnegocios.com.do\/v1\/wp-json\/wp\/v2\/posts\/22991\/revisions"}],"wp:featuredmedia":[{"embeddable":true,"href":"https:\/\/elmundodelosnegocios.com.do\/v1\/wp-json\/wp\/v2\/media\/22992"}],"wp:attachment":[{"href":"https:\/\/elmundodelosnegocios.com.do\/v1\/wp-json\/wp\/v2\/media?parent=22991"}],"wp:term":[{"taxonomy":"category","embeddable":true,"href":"https:\/\/elmundodelosnegocios.com.do\/v1\/wp-json\/wp\/v2\/categories?post=22991"},{"taxonomy":"post_tag","embeddable":true,"href":"https:\/\/elmundodelosnegocios.com.do\/v1\/wp-json\/wp\/v2\/tags?post=22991"}],"curies":[{"name":"wp","href":"https:\/\/api.w.org\/{rel}","templated":true}]}}