{"id":22994,"date":"2022-10-10T06:37:58","date_gmt":"2022-10-10T11:07:58","guid":{"rendered":"https:\/\/elmundodelosnegocios.com.do\/v1\/?p=22994"},"modified":"2022-10-10T06:38:00","modified_gmt":"2022-10-10T11:08:00","slug":"banco-popular-inicia-la-temporada-autoferia-popular","status":"publish","type":"post","link":"https:\/\/elmundodelosnegocios.com.do\/v1\/banco-popular-inicia-la-temporada-autoferia-popular\/","title":{"rendered":"Banco Popular inicia la Temporada Autoferia Popular"},"content":{"rendered":"\n<h2 class=\"wp-block-heading\">Clientes podr\u00e1n disfrutar ofertas especiales y experiencias<\/h2>\n\n\n\n<p>Santo Domingo, D.N. \u2013 El Banco Popular Dominicano dio inicio a la&nbsp;<a href=\"https:\/\/autoferiapopular.com.do\/\" target=\"_blank\" rel=\"noreferrer noopener\">Temporada Autoferia Popular\u200b<\/a>, una etapa de promociones comerciales, acciones y experiencias que acercan a los clientes de la entidad bancaria los beneficios de la pr\u00f3xima vig\u00e9sima s\u00e9ptima edici\u00f3n de la Autoferia Popular.<\/p>\n\n\n<div class=\"wp-block-image\">\n<figure class=\"aligncenter size-full\"><a href=\"https:\/\/elmundodelosnegocios.com.do\/v1\/wp-content\/uploads\/2022\/10\/1-BPD09756.jpg\"><img loading=\"lazy\" decoding=\"async\" width=\"840\" height=\"450\" src=\"https:\/\/elmundodelosnegocios.com.do\/v1\/wp-content\/uploads\/2022\/10\/1-BPD09756.jpg\" alt=\"\" class=\"wp-image-22995\" srcset=\"https:\/\/elmundodelosnegocios.com.do\/v1\/wp-content\/uploads\/2022\/10\/1-BPD09756.jpg 840w, https:\/\/elmundodelosnegocios.com.do\/v1\/wp-content\/uploads\/2022\/10\/1-BPD09756-300x161.jpg 300w, https:\/\/elmundodelosnegocios.com.do\/v1\/wp-content\/uploads\/2022\/10\/1-BPD09756-768x411.jpg 768w\" sizes=\"auto, (max-width: 840px) 100vw, 840px\" \/><\/a><\/figure>\n<\/div>\n\n\n<p>Durante este periodo, los clientes disfrutar\u00e1n de ventajas como la aprobaci\u00f3n inmediata de sus solicitudes de pr\u00e9stamos para la compra de veh\u00edculos, con solo el 20% del inicial y un buen historial crediticio.<\/p>\n\n\n<div class=\"wp-block-image\">\n<figure class=\"aligncenter size-full\"><a href=\"https:\/\/elmundodelosnegocios.com.do\/v1\/wp-content\/uploads\/2022\/10\/2-BPD09760.jpg\"><img loading=\"lazy\" decoding=\"async\" width=\"840\" height=\"450\" src=\"https:\/\/elmundodelosnegocios.com.do\/v1\/wp-content\/uploads\/2022\/10\/2-BPD09760.jpg\" alt=\"\" class=\"wp-image-22996\" srcset=\"https:\/\/elmundodelosnegocios.com.do\/v1\/wp-content\/uploads\/2022\/10\/2-BPD09760.jpg 840w, https:\/\/elmundodelosnegocios.com.do\/v1\/wp-content\/uploads\/2022\/10\/2-BPD09760-300x161.jpg 300w, https:\/\/elmundodelosnegocios.com.do\/v1\/wp-content\/uploads\/2022\/10\/2-BPD09760-768x411.jpg 768w\" sizes=\"auto, (max-width: 840px) 100vw, 840px\" \/><\/a><\/figure>\n<\/div>\n\n\n<p>En adici\u00f3n, obtendr\u00e1n ventajas como cuotas gratis, la posibilidad de empezar a pagar en enero de 2023, un margen del 90% del financiamiento y hasta 84 meses para pagar, adem\u00e1s de la participaci\u00f3n en sorteos especiales, entre ellos, la posibilidad de ganar el inicial del veh\u00edculo.<\/p>\n\n\n\n<figure class=\"wp-block-image size-full\"><a href=\"https:\/\/elmundodelosnegocios.com.do\/v1\/wp-content\/uploads\/2022\/10\/3-BPD09840.jpg\"><img loading=\"lazy\" decoding=\"async\" width=\"840\" height=\"450\" src=\"https:\/\/elmundodelosnegocios.com.do\/v1\/wp-content\/uploads\/2022\/10\/3-BPD09840.jpg\" alt=\"\" class=\"wp-image-22997\" srcset=\"https:\/\/elmundodelosnegocios.com.do\/v1\/wp-content\/uploads\/2022\/10\/3-BPD09840.jpg 840w, https:\/\/elmundodelosnegocios.com.do\/v1\/wp-content\/uploads\/2022\/10\/3-BPD09840-300x161.jpg 300w, https:\/\/elmundodelosnegocios.com.do\/v1\/wp-content\/uploads\/2022\/10\/3-BPD09840-768x411.jpg 768w\" sizes=\"auto, (max-width: 840px) 100vw, 840px\" \/><\/a><\/figure>\n\n\n\n<p>El impulso de la movilidad sostenible tambi\u00e9n formar\u00e1 parte esencial de esta Temporada de Autoferia Popular, como parte de la adhesi\u00f3n del Banco Popular a los Principios de Banca Responsable de las Naciones Unidas y a la visi\u00f3n sostenible de la organizaci\u00f3n financiera.<\/p>\n\n\n\n<p>De esta forma, los clientes podr\u00e1n elegir de entre un total de 45 veh\u00edculos h\u00edbridos y el\u00e9ctricos, que siempre contar\u00e1n con tasas preferentes mejores a las del mercado, al formar parte del portafolio de finanzas verdes Hazte Eco.&nbsp;<\/p>\n\n\n\n<p><strong>Experiencias para incrementar el valor<\/strong><strong>&nbsp;<\/strong><\/p>\n\n\n\n<p>La Temporada Autoferia Popular es una plataforma para la introducci\u00f3n de novedades y promociones hasta la fecha de celebraci\u00f3n de la Autoferia Popular, el principal sal\u00f3n de exposici\u00f3n automotriz, cuando se conocer\u00e1n las tasas especiales para quienes ya hayan comprado un veh\u00edculo en la Temporada o planeen comprarlo durante los d\u00edas de feria.<strong>&nbsp;<\/strong><\/p>\n\n\n\n<p>En esta oportunidad durante la Temporada Autoferia Popular, los clientes e interesados disfrutar\u00e1n contenidos continuos sobre los distintos modelos que comercializar\u00e1n los 23 concesionarios aliados y m\u00e1s de 220 distribuidores autorizados.<\/p>\n\n\n\n<p>Adem\u00e1s, se estar\u00e1n creando experiencias de manejo para clientes preaprobados, en las que podr\u00e1n manejar los veh\u00edculos a trav\u00e9s de distintos escenarios con una serie de obst\u00e1culos. Tambi\u00e9n se contempla la participaci\u00f3n de clientes en eventos, en los que podr\u00e1n disfrutar las carreras de F\u00f3rmula 1, en el sal\u00f3n de exhibiciones de AutoGallery.<\/p>\n","protected":false},"excerpt":{"rendered":"<p>Clientes podr\u00e1n disfrutar ofertas especiales y experiencias Santo Domingo, D.N. \u2013 El Banco Popular Dominicano dio inicio a la&nbsp;Temporada Autoferia Popular\u200b, una etapa de promociones comerciales, acciones y experiencias que&hellip; <\/p>\n","protected":false},"author":2,"featured_media":22995,"comment_status":"closed","ping_status":"closed","sticky":false,"template":"","format":"standard","meta":{"fifu_image_url":"","fifu_image_alt":"","footnotes":""},"categories":[157],"tags":[],"class_list":["post-22994","post","type-post","status-publish","format-standard","has-post-thumbnail","hentry","category-marketing"],"_links":{"self":[{"href":"https:\/\/elmundodelosnegocios.com.do\/v1\/wp-json\/wp\/v2\/posts\/22994","targetHints":{"allow":["GET"]}}],"collection":[{"href":"https:\/\/elmundodelosnegocios.com.do\/v1\/wp-json\/wp\/v2\/posts"}],"about":[{"href":"https:\/\/elmundodelosnegocios.com.do\/v1\/wp-json\/wp\/v2\/types\/post"}],"author":[{"embeddable":true,"href":"https:\/\/elmundodelosnegocios.com.do\/v1\/wp-json\/wp\/v2\/users\/2"}],"replies":[{"embeddable":true,"href":"https:\/\/elmundodelosnegocios.com.do\/v1\/wp-json\/wp\/v2\/comments?post=22994"}],"version-history":[{"count":0,"href":"https:\/\/elmundodelosnegocios.com.do\/v1\/wp-json\/wp\/v2\/posts\/22994\/revisions"}],"wp:featuredmedia":[{"embeddable":true,"href":"https:\/\/elmundodelosnegocios.com.do\/v1\/wp-json\/wp\/v2\/media\/22995"}],"wp:attachment":[{"href":"https:\/\/elmundodelosnegocios.com.do\/v1\/wp-json\/wp\/v2\/media?parent=22994"}],"wp:term":[{"taxonomy":"category","embeddable":true,"href":"https:\/\/elmundodelosnegocios.com.do\/v1\/wp-json\/wp\/v2\/categories?post=22994"},{"taxonomy":"post_tag","embeddable":true,"href":"https:\/\/elmundodelosnegocios.com.do\/v1\/wp-json\/wp\/v2\/tags?post=22994"}],"curies":[{"name":"wp","href":"https:\/\/api.w.org\/{rel}","templated":true}]}}