{"id":22999,"date":"2022-10-10T06:40:43","date_gmt":"2022-10-10T11:10:43","guid":{"rendered":"https:\/\/elmundodelosnegocios.com.do\/v1\/?p=22999"},"modified":"2022-10-10T06:40:45","modified_gmt":"2022-10-10T11:10:45","slug":"unapec-otorga-el-titulo-de-doctor-honoris-causa-a-hector-valdez-albizu","status":"publish","type":"post","link":"https:\/\/elmundodelosnegocios.com.do\/v1\/unapec-otorga-el-titulo-de-doctor-honoris-causa-a-hector-valdez-albizu\/","title":{"rendered":"Unapec otorga el t\u00edtulo de Doctor Honoris Causa a H\u00e9ctor Valdez Albizu"},"content":{"rendered":"\n<p>El rector de la instituci\u00f3n acad\u00e9mica, Franklyn Holgu\u00edn Hach\u00e9, expres\u00f3 que el gobernador \u2018ha dictado una c\u00e1tedra de civismo, de patriotismo, de moralidad, de solidaridad, de amistad, de lealtad, y de decencia\u2019<\/p>\n\n\n\n<p>Santo Domingo. La Universidad APEC visti\u00f3 sus galas acad\u00e9micas para hacer entrega del t\u00edtulo de Doctor Honoris Causa a H\u00e9ctor Valdez Albizu, gobernador del Banco Central de la Rep\u00fablica Dominicana (BCRD), quien, como se\u00f1al\u00f3 la instituci\u00f3n docente, \u201cha acumulado m\u00e9ritos personales, morales y ciudadanos suficientes para merecer esta alta distinci\u00f3n\u201d.<\/p>\n\n\n\n<p>Durante la ceremonia celebrada en el sal\u00f3n Jes\u00fas Mar\u00eda Troncoso del BCRD, con la distinguida presencia de Raquel Pe\u00f1a, vicepresidenta de la Rep\u00fablica, el doctor Franklyn Holgu\u00edn Hach\u00e9, rector de UNAPEC, expres\u00f3 que \u2018la universidad, al entregar este Doctorado Honoris Causa hace justicia y, sobre todo, siente haber dictado una catedra de civismo, de patriotismo, de moralidad, de solidaridad, de amistad, de lealtad, y de decencia\u2019.<\/p>\n\n\n\n<p>Asimismo, se\u00f1al\u00f3 que \u2018asistimos a la apoteosis de una idea y a la exaltaci\u00f3n de un hombre singular que se ha hecho digno por sus ejecutorias de la eterna mirada de Dios. Por tanto, considero que lo que este acto debe ense\u00f1ar a las generaciones presente y futura, no es la conquista de la fortuna, ni de la gloria, es algo m\u00e1s hermoso todav\u00eda: la conquista de Dios, la \u00fanica piedra sobre la cual puede descansar el honor del hombre y la \u00fanica a cuyos pies siempre ser\u00e1n convertidas en pavesas la soberbia humana\u2019.<\/p>\n\n\n\n<p>Las notas del himno nacional dominicano marcaron el inicio de la actividad, seguido de la interpretaci\u00f3n del \u201cPanis Angelicus\u201d o \u201cCanto del Angelus\u201d, a cargo de la agrupaci\u00f3n coral y banda sinf\u00f3nica de la universidad, integrada por m\u00e1s de 80 estudiantes en escena, entre vocalistas y m\u00fasicos, quienes deleitaron a los asistentes con magistrales interpretaciones musicales.<\/p>\n\n\n\n<p>Un auditorio repleto de destacados actores de la vida nacional ofreci\u00f3 repetidas veces sentidos aplausos ante tan significativo momento, que dio paso a las palabras de agradecimiento por parte del gobernador Valdez Albizu, quien manifest\u00f3 que \u2018modestamente, puedo decir que estoy convencido de que la estabilidad de precios lograda durante mis a\u00f1os como gobernador, ha contribuido a crear las condiciones para el despegue de la econom\u00eda dominicana hacia el tan anhelado desarrollo\u2019.<\/p>\n\n\n\n<p>Record\u00f3 que en 1994 el pa\u00eds ten\u00eda unos 7.6 millones de habitantes que produc\u00edan unos US$14 mil millones, para un ingreso per c\u00e1pita de US$1,880 anuales. Hoy en d\u00eda, contamos con una poblaci\u00f3n de 10.6 millones de personas que se estima generar\u00edan en 2022 un producto de US$112 mil millones y un ingreso per c\u00e1pita superior a los US$10,000 d\u00f3lares.<\/p>\n\n\n\n<p>Valdez Albizu destac\u00f3 que la preparaci\u00f3n acad\u00e9mica y los a\u00f1os de experiencia, tanto suya como del equipo de profesionales que lo acompa\u00f1an, han sido determinantes para la conducci\u00f3n de la pol\u00edtica monetaria por una senda de estabilidad.<\/p>\n\n\n\n<p>El gobernador dedic\u00f3 la alta distinci\u00f3n recibida a su familia y a su equipo de trabajo expresando: \u2018A ellos, que siempre me han apoyado en las complejas tareas que he tenido que afrontar, desde los honorables miembros de la Junta Monetaria, los funcionarios y el equipo t\u00e9cnico, hasta el m\u00e1s sencillo colaborador, quiero expresarles en este magno escenario mi m\u00e1s profunda gratitud por su entrega desinteresada y su compromiso con los valores institucionales\u2019.<\/p>\n\n\n\n<p>La ceremonia estuvo presidida por la vicepresidenta constitucional de la Rep\u00fablica Dominicana, Raquel Pe\u00f1a; junto Elena Viyella de Paliza, presidenta de la Junta de Directores de Unapec; Fernando Langa, presidente del Grupo APEC; Norma Rivera de Vargas, miembro del Consejo APEC de Pasados Presidentes; y los miembros de la Junta de Directores y del honorable Consejo Acad\u00e9mico de UNAPEC, compuesto por los se\u00f1ores vicerrectores, decanos y directores.<\/p>\n\n\n\n<p>A su vez, se dieron cita el magistrado juez presidente de la Suprema Corte de Justicia, Luis Henry Molina Pe\u00f1a; Jos\u00e9 Vicente Dubocq, ministro de Hacienda; Alejandro Fern\u00e1ndez W., superintendente de Bancos.<\/p>\n\n\n\n<p>Tambi\u00e9n se cont\u00f3 con la asistencia de embajadores, altos funcionarios de entidades bancarias, personalidades de la educaci\u00f3n y el empresariado nacional, familiares y amigos del doctor H\u00e9ctor Valdez Albizu.<\/p>\n\n\n\n<p>Por parte del BCRD, estuvieron presentes en un lugar destacado del auditorio la vicegobernadora, Clarissa de la Rocha de Torres; el gerente, Ervin Novas Bello; el contralor, Jos\u00e9 Manuel Taveras Lay; el subgerente general, Frank Amado Monta\u00f1o; el subgerente de Pol\u00edticas Monetaria, Cambiaria y Financiera, Joel Tejeda Compr\u00e9s; el subgerente Administrativo y de Servicios, Jos\u00e9 Pelliccione Hern\u00e1ndez; y los asesores de la Gobernaci\u00f3n, Julio And\u00fajar Scheker y Carolina de Lourdes Ramos.<\/p>\n\n\n\n<p>Asimismo, se encontraban la subgerente de Sistemas e Innovaci\u00f3n Tecnol\u00f3gica, Fabiola Herrera; el subgerente de Cuentas Nacionales y Estad\u00edsticas Econ\u00f3micas, Ram\u00f3n Antonio Gonz\u00e1lez; el subgerente de Regulaci\u00f3n y Estabilidad Financiera, Ram\u00f3n A. Rosario; el subgerente de Recursos Humanos, Manuel F. G\u00f3mez Copello; el subgerente del Departamento Cultural, Jos\u00e9 Alc\u00e1ntara Alm\u00e1nzar, junto a una nutrida presencia de altos funcionarios y bancentralianos que, orgullosamente, acudieron a la ceremonia.<\/p>\n","protected":false},"excerpt":{"rendered":"<p>El rector de la instituci\u00f3n acad\u00e9mica, Franklyn Holgu\u00edn Hach\u00e9, expres\u00f3 que el gobernador \u2018ha dictado una c\u00e1tedra de civismo, de patriotismo, de moralidad, de solidaridad, de amistad, de lealtad, y&hellip; <\/p>\n","protected":false},"author":2,"featured_media":23000,"comment_status":"closed","ping_status":"closed","sticky":false,"template":"","format":"standard","meta":{"fifu_image_url":"","fifu_image_alt":"","footnotes":""},"categories":[151],"tags":[],"class_list":["post-22999","post","type-post","status-publish","format-standard","has-post-thumbnail","hentry","category-gerencia"],"_links":{"self":[{"href":"https:\/\/elmundodelosnegocios.com.do\/v1\/wp-json\/wp\/v2\/posts\/22999","targetHints":{"allow":["GET"]}}],"collection":[{"href":"https:\/\/elmundodelosnegocios.com.do\/v1\/wp-json\/wp\/v2\/posts"}],"about":[{"href":"https:\/\/elmundodelosnegocios.com.do\/v1\/wp-json\/wp\/v2\/types\/post"}],"author":[{"embeddable":true,"href":"https:\/\/elmundodelosnegocios.com.do\/v1\/wp-json\/wp\/v2\/users\/2"}],"replies":[{"embeddable":true,"href":"https:\/\/elmundodelosnegocios.com.do\/v1\/wp-json\/wp\/v2\/comments?post=22999"}],"version-history":[{"count":0,"href":"https:\/\/elmundodelosnegocios.com.do\/v1\/wp-json\/wp\/v2\/posts\/22999\/revisions"}],"wp:featuredmedia":[{"embeddable":true,"href":"https:\/\/elmundodelosnegocios.com.do\/v1\/wp-json\/wp\/v2\/media\/23000"}],"wp:attachment":[{"href":"https:\/\/elmundodelosnegocios.com.do\/v1\/wp-json\/wp\/v2\/media?parent=22999"}],"wp:term":[{"taxonomy":"category","embeddable":true,"href":"https:\/\/elmundodelosnegocios.com.do\/v1\/wp-json\/wp\/v2\/categories?post=22999"},{"taxonomy":"post_tag","embeddable":true,"href":"https:\/\/elmundodelosnegocios.com.do\/v1\/wp-json\/wp\/v2\/tags?post=22999"}],"curies":[{"name":"wp","href":"https:\/\/api.w.org\/{rel}","templated":true}]}}