{"id":23060,"date":"2022-10-12T03:01:15","date_gmt":"2022-10-12T07:31:15","guid":{"rendered":"http:\/\/elmundodelosnegocios.com.do\/v1\/index.php\/2022\/10\/12\/andersen-global-firma-un-acuerdo-de-colaboracion-con-lagastod-en-islandia\/"},"modified":"2022-10-12T03:01:15","modified_gmt":"2022-10-12T07:31:15","slug":"andersen-global-firma-un-acuerdo-de-colaboracion-con-lagastod-en-islandia","status":"publish","type":"post","link":"https:\/\/elmundodelosnegocios.com.do\/v1\/andersen-global-firma-un-acuerdo-de-colaboracion-con-lagastod-en-islandia\/","title":{"rendered":"Andersen Global firma un acuerdo de colaboraci\u00f3n con Lagastod en Islandia"},"content":{"rendered":"<p>SAN FRANCISCO&#8211;(BUSINESS WIRE)&#8211;Andersen Global inicia una nueva expansi\u00f3n en la regi\u00f3n escandinava mediante un acuerdo de colaboraci\u00f3n con el estudio jur\u00eddico Lagastod, con sede en Islandia.<\/p>\n<p>Fundado en 1979 y dirigido por el socio gerente Sveinbj\u00f6rg Birna Sveinbj\u00f6rnsd\u00f3ttir, el equipo de Lagastod, compuesto por 12 socios, opera desde Reikiavik y trabaja en estrecha colaboraci\u00f3n con particulares, familias, empresas, instituciones financieras y organismos gubernamentales. El estudio se especializa en derecho mercantil y de la competencia, propiedad intelectual, litigios y arbitraje, derecho de la propiedad, fiscalidad, fusiones y adquisiciones, inmobiliario, fondos de pensiones y due diligence.<\/p>\n<p>\u201cNuestros profesionales se dedican a ofrecer soluciones personalizadas y a servir a los clientes al m\u00e1s alto nivel\u201d, dijo Sveinbj\u00f6rg. \u201cColaborar con los profesionales afines de Andersen Global refuerza a\u00fan m\u00e1s nuestra pr\u00e1ctica y significa nuestra dedicaci\u00f3n a satisfacer las necesidades de nuestros clientes\u201d.<\/p>\n<p>\u201cLa incorporaci\u00f3n de Lagastod no s\u00f3lo complementa a nuestros miembros y firmas colaboradoras existentes, sino que tambi\u00e9n proporciona una valiosa cobertura en la regi\u00f3n\u201d, dijo el presidente de Andersen Global y CEO de Andersen, Mark Vorsatz. \u201cEl compromiso de la firma con el mejor servicio y administraci\u00f3n mejora nuestra plataforma global y ampl\u00eda nuestra presencia en Europa\u201d.<\/p>\n<p>Andersen Global es una asociaci\u00f3n internacional de firmas miembro legalmente separadas e independientes compuestas por profesionales fiscales y legales de todo el mundo. Fundada en 2013 por la firma miembro estadounidense Andersen Tax LLC, Andersen Global cuenta ahora con m\u00e1s de 12.000 profesionales en todo el mundo y est\u00e1 presente en m\u00e1s de 380 lugares a trav\u00e9s de sus firmas miembro y firmas colaboradoras.<\/p>\n<p>El texto original en el idioma fuente de este comunicado es la versi\u00f3n oficial autorizada. Las traducciones solo se suministran como adaptaci\u00f3n y deben cotejarse con el texto en el idioma fuente, que es la \u00fanica versi\u00f3n del texto que tendr\u00e1 un efecto legal.<br \/>\n Contacts<br \/>\nMegan Tsuei<br \/>\nAndersen Global<br \/>\n415-764-2700<\/p>\n","protected":false},"excerpt":{"rendered":"<p>SAN FRANCISCO&#8211;(BUSINESS WIRE)&#8211;Andersen Global inicia una nueva expansi\u00f3n en la regi\u00f3n escandinava mediante un acuerdo de colaboraci\u00f3n con el estudio jur\u00eddico Lagastod, con sede en Islandia. Fundado en 1979 y&hellip; <\/p>\n","protected":false},"author":2,"featured_media":0,"comment_status":"closed","ping_status":"closed","sticky":false,"template":"","format":"standard","meta":{"fifu_image_url":"","fifu_image_alt":"","footnotes":""},"categories":[252],"tags":[253],"class_list":["post-23060","post","type-post","status-publish","format-standard","hentry","category-business-wire","tag-business-wire"],"_links":{"self":[{"href":"https:\/\/elmundodelosnegocios.com.do\/v1\/wp-json\/wp\/v2\/posts\/23060","targetHints":{"allow":["GET"]}}],"collection":[{"href":"https:\/\/elmundodelosnegocios.com.do\/v1\/wp-json\/wp\/v2\/posts"}],"about":[{"href":"https:\/\/elmundodelosnegocios.com.do\/v1\/wp-json\/wp\/v2\/types\/post"}],"author":[{"embeddable":true,"href":"https:\/\/elmundodelosnegocios.com.do\/v1\/wp-json\/wp\/v2\/users\/2"}],"replies":[{"embeddable":true,"href":"https:\/\/elmundodelosnegocios.com.do\/v1\/wp-json\/wp\/v2\/comments?post=23060"}],"version-history":[{"count":0,"href":"https:\/\/elmundodelosnegocios.com.do\/v1\/wp-json\/wp\/v2\/posts\/23060\/revisions"}],"wp:attachment":[{"href":"https:\/\/elmundodelosnegocios.com.do\/v1\/wp-json\/wp\/v2\/media?parent=23060"}],"wp:term":[{"taxonomy":"category","embeddable":true,"href":"https:\/\/elmundodelosnegocios.com.do\/v1\/wp-json\/wp\/v2\/categories?post=23060"},{"taxonomy":"post_tag","embeddable":true,"href":"https:\/\/elmundodelosnegocios.com.do\/v1\/wp-json\/wp\/v2\/tags?post=23060"}],"curies":[{"name":"wp","href":"https:\/\/api.w.org\/{rel}","templated":true}]}}