{"id":23072,"date":"2022-10-12T15:03:53","date_gmt":"2022-10-12T19:33:53","guid":{"rendered":"https:\/\/elmundodelosnegocios.com.do\/v1\/?p=23072"},"modified":"2022-10-12T15:03:55","modified_gmt":"2022-10-12T19:33:55","slug":"fundacion-reservas-del-pais-realiza-feria-de-afiliacion-a-cooperativas","status":"publish","type":"post","link":"https:\/\/elmundodelosnegocios.com.do\/v1\/fundacion-reservas-del-pais-realiza-feria-de-afiliacion-a-cooperativas\/","title":{"rendered":"Fundaci\u00f3n Reservas del Pa\u00eds realiza feria de afiliaci\u00f3n a cooperativas"},"content":{"rendered":"\n<p>Fundaci\u00f3n Reservas del Pa\u00eds organiz\u00f3 una feria de afiliaci\u00f3n a cooperativas y asociaciones sin fines de lucro aliadas a la instituci\u00f3n en el atrio central de \u00c1gora Mall.<\/p>\n\n\n\n<p>La feria de afiliaci\u00f3n fue inaugurada con un desfile de modas con piezas confeccionadas por microempresarios socios de las cooperativas que estuvieron participando durante el evento.<\/p>\n\n\n\n<figure class=\"wp-block-image size-large\"><img loading=\"lazy\" decoding=\"async\" width=\"1024\" height=\"684\" src=\"https:\/\/elmundodelosnegocios.com.do\/v1\/wp-content\/uploads\/2022\/10\/Representantes-de-la-cooperativa-afiliada-Coop-Herrera-1024x684.jpg\" alt=\"\" class=\"wp-image-23073\" srcset=\"https:\/\/elmundodelosnegocios.com.do\/v1\/wp-content\/uploads\/2022\/10\/Representantes-de-la-cooperativa-afiliada-Coop-Herrera-1024x684.jpg 1024w, https:\/\/elmundodelosnegocios.com.do\/v1\/wp-content\/uploads\/2022\/10\/Representantes-de-la-cooperativa-afiliada-Coop-Herrera-300x200.jpg 300w, https:\/\/elmundodelosnegocios.com.do\/v1\/wp-content\/uploads\/2022\/10\/Representantes-de-la-cooperativa-afiliada-Coop-Herrera-768x513.jpg 768w, https:\/\/elmundodelosnegocios.com.do\/v1\/wp-content\/uploads\/2022\/10\/Representantes-de-la-cooperativa-afiliada-Coop-Herrera-1536x1025.jpg 1536w, https:\/\/elmundodelosnegocios.com.do\/v1\/wp-content\/uploads\/2022\/10\/Representantes-de-la-cooperativa-afiliada-Coop-Herrera.jpg 2000w\" sizes=\"auto, (max-width: 1024px) 100vw, 1024px\" \/><\/figure>\n\n\n\n<p>\u201cNos sentimos muy felices de mostrarles el trabajo de estos microempresarios que dise\u00f1aron y confeccionaron sus sue\u00f1os plasm\u00e1ndolos en tela para convertirse en grandes emprendedores de la moda local. Es un orgullo para nosotros respaldar, a trav\u00e9s de nuestras cooperativas, iniciativas que promuevan el desarrollo de sus talentos\u201d, expres\u00f3 Mar\u00eda Isabel P\u00e9rez, presidenta ejecutiva de la instituci\u00f3n, quien visti\u00f3 una de las prendas elaboradas por la microempresaria Asunci\u00f3n Mart\u00ednez.<\/p>\n\n\n\n<p>El evento cont\u00f3, adem\u00e1s, con diferentes charlas educativas y capacitaciones, as\u00ed como un espacio exclusivo para el disfrute de los ni\u00f1os. En la feria de afiliaci\u00f3n participaron 24 cooperativas aliadas a Reservas del Pa\u00eds, divididas en dos grupos diferentes cada d\u00eda.<\/p>\n\n\n\n<p>\u201cA trav\u00e9s de las entidades participantes en esta feria, hemos mejorado la calidad de vida de estos microempresarios y de otros miles m\u00e1s, a trav\u00e9s de pr\u00e9stamos a tasas preferentes y de las capacitaciones que ofrecemos de manera gratuita, as\u00ed como de otros beneficios\u201d, resalt\u00f3 P\u00e9rez.<\/p>\n\n\n\n<p>Durante su ponencia felicit\u00f3 a las entidades de cr\u00e9dito solidario prestatarias de Fundaci\u00f3n Reservas del Pa\u00eds, que, \u201ccon su apoyo, han contribuido a mejorar las condiciones de vida de estos microempresarios y a la econom\u00eda de la sociedad dominicana\u201d.<\/p>\n\n\n\n<p>Entre las participantes, estuvo Martina Villanueva, quien comenz\u00f3 a perseguir su sue\u00f1o ayudando a una modista, luego realiz\u00f3 un curso t\u00e9cnico para perfeccionar sus habilidades y hoy en d\u00eda vive de esta profesi\u00f3n, la cual es el sustento de su familia. Tambi\u00e9n participaron otras microempresarias como: Keila Sabina V\u00e1squez Guzm\u00e1n, Eufemia Aquino, Elsa Nidia V\u00e1squez de Ben\u00edtez, Asunci\u00f3n Martinez Perez, Ver\u00f3nica Surun y Samuel Rodr\u00edguez.<\/p>\n","protected":false},"excerpt":{"rendered":"<p>Fundaci\u00f3n Reservas del Pa\u00eds organiz\u00f3 una feria de afiliaci\u00f3n a cooperativas y asociaciones sin fines de lucro aliadas a la instituci\u00f3n en el atrio central de \u00c1gora Mall. La feria&hellip; <\/p>\n","protected":false},"author":2,"featured_media":23074,"comment_status":"closed","ping_status":"closed","sticky":false,"template":"","format":"standard","meta":{"fifu_image_url":"","fifu_image_alt":"","footnotes":""},"categories":[32],"tags":[],"class_list":["post-23072","post","type-post","status-publish","format-standard","has-post-thumbnail","hentry","category-eventos"],"_links":{"self":[{"href":"https:\/\/elmundodelosnegocios.com.do\/v1\/wp-json\/wp\/v2\/posts\/23072","targetHints":{"allow":["GET"]}}],"collection":[{"href":"https:\/\/elmundodelosnegocios.com.do\/v1\/wp-json\/wp\/v2\/posts"}],"about":[{"href":"https:\/\/elmundodelosnegocios.com.do\/v1\/wp-json\/wp\/v2\/types\/post"}],"author":[{"embeddable":true,"href":"https:\/\/elmundodelosnegocios.com.do\/v1\/wp-json\/wp\/v2\/users\/2"}],"replies":[{"embeddable":true,"href":"https:\/\/elmundodelosnegocios.com.do\/v1\/wp-json\/wp\/v2\/comments?post=23072"}],"version-history":[{"count":0,"href":"https:\/\/elmundodelosnegocios.com.do\/v1\/wp-json\/wp\/v2\/posts\/23072\/revisions"}],"wp:featuredmedia":[{"embeddable":true,"href":"https:\/\/elmundodelosnegocios.com.do\/v1\/wp-json\/wp\/v2\/media\/23074"}],"wp:attachment":[{"href":"https:\/\/elmundodelosnegocios.com.do\/v1\/wp-json\/wp\/v2\/media?parent=23072"}],"wp:term":[{"taxonomy":"category","embeddable":true,"href":"https:\/\/elmundodelosnegocios.com.do\/v1\/wp-json\/wp\/v2\/categories?post=23072"},{"taxonomy":"post_tag","embeddable":true,"href":"https:\/\/elmundodelosnegocios.com.do\/v1\/wp-json\/wp\/v2\/tags?post=23072"}],"curies":[{"name":"wp","href":"https:\/\/api.w.org\/{rel}","templated":true}]}}