{"id":23076,"date":"2022-10-12T15:06:07","date_gmt":"2022-10-12T19:36:07","guid":{"rendered":"https:\/\/elmundodelosnegocios.com.do\/v1\/?p=23076"},"modified":"2022-10-12T15:06:10","modified_gmt":"2022-10-12T19:36:10","slug":"firman-acuerdo-para-promover-y-apoyar-el-x-censo-nacional-de-poblacion-y-vivienda","status":"publish","type":"post","link":"https:\/\/elmundodelosnegocios.com.do\/v1\/firman-acuerdo-para-promover-y-apoyar-el-x-censo-nacional-de-poblacion-y-vivienda\/","title":{"rendered":"Firman acuerdo para promover y apoyar el X Censo Nacional de Poblaci\u00f3n y Vivienda"},"content":{"rendered":"\n<p>Santo Domingo.-&nbsp;&nbsp;El Centro Nacional de Promoci\u00f3n y Fomento de las Asociaciones Sin Fines de Lucro (CASFL) y la Oficina Nacional de Estad\u00edstica (ONE) firmaron un memor\u00e1ndum de entendimiento destinado&nbsp;<strong>a articular esfuerzos con miras a promover y establecer una red de apoyo antes, durante y despu\u00e9s de la ejecuci\u00f3n del X Censo Nacional de Poblaci\u00f3n y Vivienda<\/strong>&nbsp;(XCNPV), a realizarse del 10 al 24 de noviembre de 2022.<\/p>\n\n\n\n<p>El acuerdo fue suscrito por las cinco organizaciones que representan la sociedad civil en el CASFL, su&nbsp;<strong>directora ejecutiva, Vielka Polanco<\/strong>; y la&nbsp;<strong>directora de la ONE, Miosotis Rivas.<\/strong><\/p>\n\n\n\n<figure class=\"wp-block-image\"><img decoding=\"async\" src=\"https:\/\/presidencia.gob.do\/sites\/default\/files\/content\/ONE%203.jpg\" alt=\"\"\/><\/figure>\n\n\n\n<p>El CASFL asume el compromiso de promover y establecer junto a la ONE una red de \u201cASFL pro-XCNPV\u201d, adem\u00e1s de&nbsp;<strong>difundir material de comunicaci\u00f3n sobre el censo,<\/strong>&nbsp;motivar la participaci\u00f3n de las ASFL en apoyo al mismo y dar seguimiento a los compromisos asumidos por las organizaciones que formen parte de la red.<\/p>\n\n\n\n<p>Mientras que, las asociaciones sin fines de lucro firmantes, se comprometieron a conformar y promover la red ASFL pro-XCNPV, colaborando con necesidades propias de la organizaci\u00f3n del censo. Asimismo, aportar con el reclutamiento de voluntarios para llevar a cabo tareas de apoyo antes, durante y despu\u00e9s del levantamiento censal, ayudar a identificar locales para almacenamiento que las ASFL puedan poner a disposici\u00f3n, proteger y acompa\u00f1ar al personal que trabajar\u00e1 en el censo y motivar a la poblaci\u00f3n en sus zonas de intervenci\u00f3n a participar receptivamente del XCNPV.<\/p>\n","protected":false},"excerpt":{"rendered":"<p>Santo Domingo.-&nbsp;&nbsp;El Centro Nacional de Promoci\u00f3n y Fomento de las Asociaciones Sin Fines de Lucro (CASFL) y la Oficina Nacional de Estad\u00edstica (ONE) firmaron un memor\u00e1ndum de entendimiento destinado&nbsp;a articular&hellip; <\/p>\n","protected":false},"author":2,"featured_media":23077,"comment_status":"closed","ping_status":"closed","sticky":false,"template":"","format":"standard","meta":{"fifu_image_url":"","fifu_image_alt":"","footnotes":""},"categories":[91],"tags":[],"class_list":["post-23076","post","type-post","status-publish","format-standard","has-post-thumbnail","hentry","category-bienes-raices"],"_links":{"self":[{"href":"https:\/\/elmundodelosnegocios.com.do\/v1\/wp-json\/wp\/v2\/posts\/23076","targetHints":{"allow":["GET"]}}],"collection":[{"href":"https:\/\/elmundodelosnegocios.com.do\/v1\/wp-json\/wp\/v2\/posts"}],"about":[{"href":"https:\/\/elmundodelosnegocios.com.do\/v1\/wp-json\/wp\/v2\/types\/post"}],"author":[{"embeddable":true,"href":"https:\/\/elmundodelosnegocios.com.do\/v1\/wp-json\/wp\/v2\/users\/2"}],"replies":[{"embeddable":true,"href":"https:\/\/elmundodelosnegocios.com.do\/v1\/wp-json\/wp\/v2\/comments?post=23076"}],"version-history":[{"count":0,"href":"https:\/\/elmundodelosnegocios.com.do\/v1\/wp-json\/wp\/v2\/posts\/23076\/revisions"}],"wp:featuredmedia":[{"embeddable":true,"href":"https:\/\/elmundodelosnegocios.com.do\/v1\/wp-json\/wp\/v2\/media\/23077"}],"wp:attachment":[{"href":"https:\/\/elmundodelosnegocios.com.do\/v1\/wp-json\/wp\/v2\/media?parent=23076"}],"wp:term":[{"taxonomy":"category","embeddable":true,"href":"https:\/\/elmundodelosnegocios.com.do\/v1\/wp-json\/wp\/v2\/categories?post=23076"},{"taxonomy":"post_tag","embeddable":true,"href":"https:\/\/elmundodelosnegocios.com.do\/v1\/wp-json\/wp\/v2\/tags?post=23076"}],"curies":[{"name":"wp","href":"https:\/\/api.w.org\/{rel}","templated":true}]}}