{"id":23082,"date":"2022-10-12T15:26:27","date_gmt":"2022-10-12T19:56:27","guid":{"rendered":"https:\/\/elmundodelosnegocios.com.do\/v1\/?p=23082"},"modified":"2022-10-12T15:26:29","modified_gmt":"2022-10-12T19:56:29","slug":"actividades-vinculadas-zonas-francas-industria-y-comercio-representaron-mas-del-30-del-crecimiento-de-la-economia","status":"publish","type":"post","link":"https:\/\/elmundodelosnegocios.com.do\/v1\/actividades-vinculadas-zonas-francas-industria-y-comercio-representaron-mas-del-30-del-crecimiento-de-la-economia\/","title":{"rendered":"Actividades vinculadas zonas francas, industria y comercio representaron m\u00e1s del 30% del crecimiento de la econom\u00eda"},"content":{"rendered":"\n<p>SANTO DOMINGO.- El ministro de Industria, Comercio y Mipymes, V\u00edctor -Ito- Bison\u00f3, destac\u00f3 que el crecimiento de las actividades vinculadas a zonas francas, industria, comercio y servicios suma m\u00e1s del 30% del crecimiento de la econom\u00eda nacional de enero a agosto de este a\u00f1o, de acuerdo con el Indicador Mensual de Actividad Econ\u00f3mica (IMAE) que public\u00f3 recientemente el Banco Central.<\/p>\n\n\n\n<p>\u201cSe trata de sectores productivos que, cuando enfocamos su impacto en conjunto, han sostenido un impulso determinante en la recuperaci\u00f3n econ\u00f3mica y contribuyen significativamente a que se el pa\u00eds mantenga un crecimiento de 5.5% en los primeros ocho meses del a\u00f1o, como inform\u00f3 el Banco Central\u201d, dijo el ministro refiri\u00e9ndose a los renglones que m\u00e1s crecieron de las actividades monitoreadas por esa instituci\u00f3n.<\/p>\n\n\n\n<p>De acuerdo con el informe del IMAE, Otras actividades de servicios (que incluye los call centers) creci\u00f3 9.1 %, seguida de transporte y almacenamiento (7.1 %), zonas francas (7.0 %), comercio (6.5 %), manufactura local (4.4 %) y construcci\u00f3n (2.7 %), que est\u00e1n entre las actividades con mejor desempe\u00f1o, luego de hoteles, bares y restaurantes (31.2 %), salud (11.3 %) y administraci\u00f3n p\u00fablica (7.8 %).<\/p>\n\n\n\n<p>El ministro Bison\u00f3 explic\u00f3 que la dimensi\u00f3n y el impacto de estas actividades demandan que el ministerio contin\u00fae su esfuerzo por favorecer las adecuadas condiciones de producci\u00f3n para estos sectores.<\/p>\n\n\n\n<p>El reporte del IMAE explica que al analizar en detalle el comportamiento sectorial de enero-agosto de 2022, se destaca la notable incidencia de los servicios en su conjunto, que constituyen aproximadamente el 60.0 % del total de la econom\u00eda y presentan una variaci\u00f3n interanual acumulada de 7.5 %.<\/p>\n\n\n\n<p>\u201cEl incremento en los vol\u00famenes de producci\u00f3n local de bienes y de las importaciones comercializables contin\u00faan incidiendo positivamente en el desempe\u00f1o de las actividades de comercio y transporte, las cuales exhiben tasas interanuales de 6.5 % y 7.1 %, respectivamente. Asimismo, estos factores est\u00e1n asociados a un mayor volumen de producci\u00f3n en los otros servicios de transporte y apoyo\u201d, indica el documento.<\/p>\n\n\n\n<p>Adicionalmente, el Banco Central explic\u00f3 que el valor agregado real de las zonas francas registr\u00f3 un crecimiento interanual de 7.0 % en enero-agosto de 2022. Durante dichos meses, este sector alcanz\u00f3 un nivel de exportaciones de US$5,270.3 millones, unos US$579.9 millones m\u00e1s (12.4 %).<\/p>\n\n\n\n<p>En lo que respecta a la manufactura local, se observa una variaci\u00f3n acumulada de 4.4 % explicada principalmente por el aumento en los vol\u00famenes de producci\u00f3n de las industrias de fabricaci\u00f3n de metales comunes, de productos minerales no met\u00e1licos, elaboraci\u00f3n de bebidas alcoh\u00f3licas, no alcoh\u00f3licas y derivados del tabaco, de otros productos alimenticios y de sustancias y productos qu\u00edmicos, registra el informe.<\/p>\n","protected":false},"excerpt":{"rendered":"<p>SANTO DOMINGO.- El ministro de Industria, Comercio y Mipymes, V\u00edctor -Ito- Bison\u00f3, destac\u00f3 que el crecimiento de las actividades vinculadas a zonas francas, industria, comercio y servicios suma m\u00e1s del&hellip; <\/p>\n","protected":false},"author":2,"featured_media":23083,"comment_status":"closed","ping_status":"closed","sticky":false,"template":"","format":"standard","meta":{"fifu_image_url":"","fifu_image_alt":"","footnotes":""},"categories":[62],"tags":[],"class_list":["post-23082","post","type-post","status-publish","format-standard","has-post-thumbnail","hentry","category-economia"],"_links":{"self":[{"href":"https:\/\/elmundodelosnegocios.com.do\/v1\/wp-json\/wp\/v2\/posts\/23082","targetHints":{"allow":["GET"]}}],"collection":[{"href":"https:\/\/elmundodelosnegocios.com.do\/v1\/wp-json\/wp\/v2\/posts"}],"about":[{"href":"https:\/\/elmundodelosnegocios.com.do\/v1\/wp-json\/wp\/v2\/types\/post"}],"author":[{"embeddable":true,"href":"https:\/\/elmundodelosnegocios.com.do\/v1\/wp-json\/wp\/v2\/users\/2"}],"replies":[{"embeddable":true,"href":"https:\/\/elmundodelosnegocios.com.do\/v1\/wp-json\/wp\/v2\/comments?post=23082"}],"version-history":[{"count":0,"href":"https:\/\/elmundodelosnegocios.com.do\/v1\/wp-json\/wp\/v2\/posts\/23082\/revisions"}],"wp:featuredmedia":[{"embeddable":true,"href":"https:\/\/elmundodelosnegocios.com.do\/v1\/wp-json\/wp\/v2\/media\/23083"}],"wp:attachment":[{"href":"https:\/\/elmundodelosnegocios.com.do\/v1\/wp-json\/wp\/v2\/media?parent=23082"}],"wp:term":[{"taxonomy":"category","embeddable":true,"href":"https:\/\/elmundodelosnegocios.com.do\/v1\/wp-json\/wp\/v2\/categories?post=23082"},{"taxonomy":"post_tag","embeddable":true,"href":"https:\/\/elmundodelosnegocios.com.do\/v1\/wp-json\/wp\/v2\/tags?post=23082"}],"curies":[{"name":"wp","href":"https:\/\/api.w.org\/{rel}","templated":true}]}}