{"id":23096,"date":"2022-10-13T08:39:16","date_gmt":"2022-10-13T13:09:16","guid":{"rendered":"https:\/\/elmundodelosnegocios.com.do\/v1\/?p=23096"},"modified":"2022-10-13T08:39:19","modified_gmt":"2022-10-13T13:09:19","slug":"lanzan-proyecto-para-fortalecer-prevencion-de-infecciones-con-el-apoyo-de-la-agencia-francesa-de-desarrollo","status":"publish","type":"post","link":"https:\/\/elmundodelosnegocios.com.do\/v1\/lanzan-proyecto-para-fortalecer-prevencion-de-infecciones-con-el-apoyo-de-la-agencia-francesa-de-desarrollo\/","title":{"rendered":"Lanzan proyecto para fortalecer prevenci\u00f3n de infecciones con el apoyo de la Agencia Francesa de Desarrollo"},"content":{"rendered":"\n<p>Santo Domingo. &#8211; El Gobierno de la Rep\u00fablica Dominicana realiz\u00f3 el lanzamiento oficial del proyecto de fortalecimiento de prevenci\u00f3n y control de&nbsp;<strong>Infecciones Asociadas a la Atenci\u00f3n en Salud (IAAS),<\/strong>&nbsp;con el apoyo de la&nbsp;<strong>Agencia Francesa de Desarrollo (AFD)<\/strong>, para lo cual otorg\u00f3 trescientos mil euros no reembolsables al Estado dominicano.<\/p>\n\n\n\n<p>Los centros priorizados del proyecto son los hospitales docentes Doctor Francisco E. Moscoso Puello, Salvador B. Gautier, Infantil Robert Read Cabral, Vinicio Calventi, Materno Infantil San Lorenzo Los Minas, Traumatol\u00f3gico Dar\u00edo Contreras, Regional Juan Pablo Pina, Regional Jos\u00e9 Mar\u00eda Cabral y B\u00e1ez y Arturo Grull\u00f3n, as\u00ed como la maternidad doctor Reynaldo Alm\u00e1nzar.<\/p>\n\n\n\n<p>Al inicio de la actividad, el&nbsp;<strong>Ministro de Econom\u00eda, Planificaci\u00f3n y Desarrollo, P\u00e1vel Isa Contreras<\/strong>, destac\u00f3 que el proyecto estandarizar\u00e1 los procedimientos de detecci\u00f3n, procesamiento, an\u00e1lisis y divulgaci\u00f3n de informaci\u00f3n \u00fatil para la toma de decisiones en la&nbsp;<strong>reducci\u00f3n de muertes en unidades de cuidados intensivos, salas maternas y neonatolog\u00eda<\/strong>, entre otras \u00e1reas de hospitalizaci\u00f3n.<\/p>\n\n\n\n<p>Expres\u00f3 que pese a la reorganizaci\u00f3n del sistema de salud nacional a trav\u00e9s de la&nbsp;<strong>Ley General de Salud (42-01)<\/strong>, todav\u00eda persisten importantes debilidades estructurales enfatizadas por la pandemia, especialmente en t\u00e9rminos de&nbsp;<strong>preparaci\u00f3n y capacidad de respuesta del pa\u00eds.<\/strong><\/p>\n\n\n\n<p><em>\u201cTodo lo anterior ha colocado a las infecciones asociadas a la atenci\u00f3n como una prioridad para la seguridad sanitaria nacional e internacional, por lo que se hace necesario fortalecer la pol\u00edtica de acceso a la salud universal\u201d<\/em>, indic\u00f3 el catedr\u00e1tico e investigador social.<\/p>\n\n\n\n<p>Afirm\u00f3 que la iniciativa se enmarca en el conjunto de las&nbsp;<strong>pol\u00edticas priorizadas establecidas por la actual gesti\u00f3n del Gobierno dominicano,<\/strong>&nbsp;cuyo objetivo principal es mejorar la calidad de vida de la gente, tratando de establecer una&nbsp;<strong>atenci\u00f3n universal, solidaria, eficiente y de calidad para proteger la condici\u00f3n f\u00edsica y mental de toda la poblaci\u00f3n.<\/strong><\/p>\n\n\n\n<figure class=\"wp-block-image\"><img decoding=\"async\" src=\"https:\/\/presidencia.gob.do\/sites\/default\/files\/content\/P%C3%81VEL%20ISA%20CONTRERAS%20-%20Lanzamiento%20Proyecto%20de%20Prevenci%C3%B3n%20y%20Control%20de%20%20Infeccione%20%2849%29%20%281%29.jpg\" alt=\"\"\/><\/figure>\n\n\n\n<p>Por \u00faltimo, el titular del \u00f3rgano rector de la inversi\u00f3n p\u00fablica, la planificaci\u00f3n y la cooperaci\u00f3n, agradeci\u00f3 a la Agencia Francesa de Desarrollo (AFD) y a la Embajada de Francia por la disposici\u00f3n de colaborar con el Estado dominicano y responder a las pol\u00edticas prioritarias establecidas en el&nbsp;<strong>Plan Nacional Plurianual del Sector P\u00fablico 2021-2024<\/strong>, para el desarrollo de reformas estructurales del sector salud.<\/p>\n\n\n\n<p><em>\u201cEsto representa un importante hito que reafirma el compromiso del Estado dominicano en avanzar hacia una sociedad m\u00e1s sostenible e integradora, al tiempo de potenciar los s\u00f3lidos v\u00ednculos que tradicionalmente nos han unido\u201d<\/em>, precis\u00f3.<\/p>\n\n\n\n<p>Resalt\u00f3 la&nbsp;<strong>diligencia, buena voluntad y disposici\u00f3n de todo el equipo involucrado<\/strong>&nbsp;del Ministerio de Salud P\u00fablica, del Ministerio de Relaciones Exteriores y el Viceministerio de Cooperaci\u00f3n Internacional del Ministerio de Econom\u00eda, por su disposici\u00f3n para realizar un trabajo conjunto.<\/p>\n\n\n\n<p><strong>El Ministro de Salud P\u00fablica y Asistencia Social, Daniel Rivera<\/strong>, garantiz\u00f3 el compromiso de una ejecuci\u00f3n eficiente y transparente en este proyecto, con el objetivo de impactar en&nbsp;<strong>la calidad de vida de los dominicanos y dominicanas que acudan a los hospitales del Estado.<\/strong><\/p>\n\n\n\n<p>Agradeci\u00f3 el gesto de la Agencia Francesa de Desarrollo (AFD) y el apoyo del Ministerio de Econom\u00eda, Planificaci\u00f3n y Desarrollo, a la vez que inform\u00f3 sobre los componentes del proyecto:&nbsp;<strong>vigilancia de las infecciones y la prevenci\u00f3n y control de estas.<\/strong><\/p>\n\n\n\n<p>La primera consejera de la Embajada de Francia,&nbsp;<strong>Marie Delille<\/strong>, destac\u00f3 que para la Rep\u00fablica de Francia es un honor cooperar, mediante la acci\u00f3n de la Agencia Francesa de Desarrollo, con el sistema de salud de la Rep\u00fablica Dominicana y contribuir as\u00ed a brindar una atenci\u00f3n de calidad a las dominicanas y los dominicanos.<\/p>\n\n\n\n<p>La directora de la Agencia Francesa de Desarrollo,&nbsp;<strong>Virginie D\u00edaz Pedregal<\/strong>, afirm\u00f3 que el lanzamiento del proyecto IAAS es una nueva ocasi\u00f3n para reafirmar el compromiso de apoyo, por parte de la cooperaci\u00f3n francesa a las autoridades dominicanas, en su labor para lograr un&nbsp;<strong>sistema sanitario accesible, inclusivo y sostenible.<\/strong><\/p>\n\n\n\n<p>Por \u00faltimo, el viceministro para Asuntos Econ\u00f3micos y Cooperaci\u00f3n del Ministerio de Relaciones Exteriores,&nbsp;<strong>Hugo Rivera<\/strong>, en representaci\u00f3n del canciller Roberto \u00c1lvarez, expres\u00f3 que&nbsp;<strong>Francia es un socio de alt\u00edsimo valor para nuestro pa\u00eds<\/strong>, por su generosidad y apoyo en diversas \u00e1reas de desarrollo, particularmente en el \u00e1mbito de cooperaci\u00f3n.<\/p>\n\n\n\n<p><em>\u00abReconocemos la importancia de este proyecto, que viene a fortalecer las capacidades que tiene la Rep\u00fablica Dominicana para evitar muertes e infecciones y mejorar nuestro sistema de salud\u201d,<\/em>&nbsp;indic\u00f3.<\/p>\n\n\n\n<p>En el acto de lanzamiento, en el Centro de Convenciones del MIREX, participaron la viceministra de Cooperaci\u00f3n Internacional y ordenadora nacional de los Fondos Europeos para el Desarrollo del Ministerio de Econom\u00eda, Olaya Dotel, y el viceministro de Salud Colectiva, Eladio P\u00e9rez.<\/p>\n\n\n\n<p><strong>Conversatorio<\/strong><\/p>\n\n\n\n<p>La actividad cont\u00f3 con un&nbsp;<strong>panel sobre prevenci\u00f3n de infecciones intrahospitalarias<\/strong>. El primer conversatorio trat\u00f3 en torno al marco conceptual de las infecciones intrahospitalarias, a cargo de la epidemi\u00f3loga&nbsp;<strong>Jhosvelyn Ram\u00edrez Tolentino,<\/strong>&nbsp;del Ministerio de Salud P\u00fablica.<\/p>\n\n\n\n<p>El segundo conversatorio trat\u00f3 sobre el Programa Nacional de Control de Infecciones Asociadas a la Atenci\u00f3n es Salud (PNCIAAS) a cargo de la especialista&nbsp;<strong>Lucina Llaugel<\/strong>. Por \u00faltimo, fue presentado el proyecto IAAS, a cargo del coordinador&nbsp;<strong>Stefano Todde<\/strong>.<\/p>\n","protected":false},"excerpt":{"rendered":"<p>Santo Domingo. &#8211; El Gobierno de la Rep\u00fablica Dominicana realiz\u00f3 el lanzamiento oficial del proyecto de fortalecimiento de prevenci\u00f3n y control de&nbsp;Infecciones Asociadas a la Atenci\u00f3n en Salud (IAAS),&nbsp;con el&hellip; <\/p>\n","protected":false},"author":2,"featured_media":23097,"comment_status":"closed","ping_status":"closed","sticky":false,"template":"","format":"standard","meta":{"fifu_image_url":"","fifu_image_alt":"","footnotes":""},"categories":[80],"tags":[],"class_list":["post-23096","post","type-post","status-publish","format-standard","has-post-thumbnail","hentry","category-salud"],"_links":{"self":[{"href":"https:\/\/elmundodelosnegocios.com.do\/v1\/wp-json\/wp\/v2\/posts\/23096","targetHints":{"allow":["GET"]}}],"collection":[{"href":"https:\/\/elmundodelosnegocios.com.do\/v1\/wp-json\/wp\/v2\/posts"}],"about":[{"href":"https:\/\/elmundodelosnegocios.com.do\/v1\/wp-json\/wp\/v2\/types\/post"}],"author":[{"embeddable":true,"href":"https:\/\/elmundodelosnegocios.com.do\/v1\/wp-json\/wp\/v2\/users\/2"}],"replies":[{"embeddable":true,"href":"https:\/\/elmundodelosnegocios.com.do\/v1\/wp-json\/wp\/v2\/comments?post=23096"}],"version-history":[{"count":0,"href":"https:\/\/elmundodelosnegocios.com.do\/v1\/wp-json\/wp\/v2\/posts\/23096\/revisions"}],"wp:featuredmedia":[{"embeddable":true,"href":"https:\/\/elmundodelosnegocios.com.do\/v1\/wp-json\/wp\/v2\/media\/23097"}],"wp:attachment":[{"href":"https:\/\/elmundodelosnegocios.com.do\/v1\/wp-json\/wp\/v2\/media?parent=23096"}],"wp:term":[{"taxonomy":"category","embeddable":true,"href":"https:\/\/elmundodelosnegocios.com.do\/v1\/wp-json\/wp\/v2\/categories?post=23096"},{"taxonomy":"post_tag","embeddable":true,"href":"https:\/\/elmundodelosnegocios.com.do\/v1\/wp-json\/wp\/v2\/tags?post=23096"}],"curies":[{"name":"wp","href":"https:\/\/api.w.org\/{rel}","templated":true}]}}