{"id":23099,"date":"2022-10-13T08:42:19","date_gmt":"2022-10-13T13:12:19","guid":{"rendered":"https:\/\/elmundodelosnegocios.com.do\/v1\/?p=23099"},"modified":"2022-10-13T08:42:21","modified_gmt":"2022-10-13T13:12:21","slug":"organizacion-iberoamericana-de-seguridad-social-firma-acuerdos-de-colaboracion-con-ministerio-de-trabajo-y-cnss","status":"publish","type":"post","link":"https:\/\/elmundodelosnegocios.com.do\/v1\/organizacion-iberoamericana-de-seguridad-social-firma-acuerdos-de-colaboracion-con-ministerio-de-trabajo-y-cnss\/","title":{"rendered":"Organizaci\u00f3n Iberoamericana de Seguridad Social firma acuerdos de colaboraci\u00f3n con Ministerio de Trabajo y CNSS"},"content":{"rendered":"\n<p>Santo Domingo. &#8211; La Organizaci\u00f3n Iberoamericana de Seguridad Social&nbsp;<strong>(OISS)<\/strong>&nbsp;firm\u00f3 dos&nbsp;<strong>\u201cConvenios Marco\u201d<\/strong>&nbsp;de colaboraci\u00f3n t\u00e9cnica con el&nbsp;<strong>Ministerio de Trabajo<\/strong>&nbsp;y con el Consejo Nacional de Seguridad Social&nbsp;<strong>(CNSS)<\/strong>, respectivamente.<\/p>\n\n\n\n<p>Estos acuerdos permitir\u00e1n a las entidades desarrollar proyectos de&nbsp;<strong>investigaci\u00f3n, formaci\u00f3n, estudios y asistencia t\u00e9cnica<\/strong>.<\/p>\n\n\n\n<p>Se busca, adem\u00e1s, poner marcha iniciativa que permitan desarrollar proyectos conjuntos en la difusi\u00f3n del conocimiento, especialmente en lo que se refiere a la&nbsp;<strong>internacionalizaci\u00f3n de la Seguridad Social<\/strong>.<\/p>\n\n\n\n<p>El primer acuerdo fue rubricado por el Ministro de Trabajo y presidente del CNSS,&nbsp;<strong>Luis Miguel De Camps Garc\u00eda<\/strong>, y por la secretaria general del OISS,&nbsp;<strong>Gina Ria\u00f1o Bar\u00f3n.<\/strong><\/p>\n\n\n\n<p>En tanto que el segundo acuerdo fue firmado por el gerente general del CNSS,&nbsp;<strong>Edward Guzm\u00e1n&nbsp;<\/strong>y de nuevo&nbsp;<strong>Gina Ria\u00f1o Bar\u00f3n<\/strong>.<\/p>\n\n\n\n<p>Las entidades se comprometen al intercambio rec\u00edproco de las&nbsp;<strong>publicaciones de car\u00e1cter sociolaboral o econ\u00f3mico<\/strong>&nbsp;que se editen en el \u00e1mbito de sus correspondientes actuaciones.&nbsp;<\/p>\n\n\n\n<figure class=\"wp-block-image\"><img decoding=\"async\" src=\"https:\/\/presidencia.gob.do\/sites\/default\/files\/content\/WhatsApp%20Image%202022-10-07%20at%204.05.41%20PM11.jpeg\" alt=\"\"\/><\/figure>\n\n\n\n<p>Asimismo, los acuerdos establecen la realizaci\u00f3n de cursos avanzados de alto nivel acad\u00e9mico, estudios, desplazamientos de expertos, visitas t\u00e9cnicas, celebraci\u00f3n de seminarios, simposios y coloquios internacionales y la realizaci\u00f3n de ediciones conjuntas.<\/p>\n\n\n\n<p>Los convenios tienen una duraci\u00f3n inicial de dos a\u00f1os y se considerar\u00e1n prorrogados autom\u00e1ticamente al t\u00e9rmino de cada a\u00f1o natural, salvo objeci\u00f3n expresa&nbsp;de los mismos por una de las dos partes con al menos un mes de antelaci\u00f3n.<\/p>\n\n\n\n<p>El Ministerio de Trabajo es la instituci\u00f3n considerada como&nbsp;<strong>la m\u00e1s alta autoridad administrativa en las relaciones de trabajo asalariado dependiente del sector privado<\/strong>&nbsp;y organismo oficial aut\u00f3nomos. Esta entidad fue creada con la misi\u00f3n de liderar, fomentar e implementar pol\u00edticas, planes y normas laborales en el pa\u00eds, para su cumplimiento en el sector laboral.<\/p>\n\n\n\n<p>El Consejo Nacional de Seguridad Social (CNSS) tiene a su cargo&nbsp;<strong>la direcci\u00f3n y conducci\u00f3n del SDSS<\/strong>&nbsp;y como tal, es el responsable de establecer las pol\u00edticas, regular el funcionamiento del Sistema y de sus instituciones, garantizar la extensi\u00f3n de cobertura, defender a los beneficiarios, as\u00ed como de velar por el desarrollo institucional, la integralidad de sus programas y el equilibrio financiero del SDSS.<\/p>\n\n\n\n<p>La Organizaci\u00f3n Iberoamericana de Seguridad Social (OISS) es un organismo internacional, de car\u00e1cter t\u00e9cnico y especializado, que&nbsp;<strong>tiene como finalidad promover el bienestar econ\u00f3mico y social de los pa\u00edses iberoamericanos y<\/strong>&nbsp;de todos aquellos que se vinculan por el idioma espa\u00f1ol y portugu\u00e9s, mediante la coordinaci\u00f3n, intercambio y aprovechamiento de sus experiencias mutuas en Seguridad Social y, en general, en el \u00e1mbito de la protecci\u00f3n social.<\/p>\n","protected":false},"excerpt":{"rendered":"<p>Santo Domingo. &#8211; La Organizaci\u00f3n Iberoamericana de Seguridad Social&nbsp;(OISS)&nbsp;firm\u00f3 dos&nbsp;\u201cConvenios Marco\u201d&nbsp;de colaboraci\u00f3n t\u00e9cnica con el&nbsp;Ministerio de Trabajo&nbsp;y con el Consejo Nacional de Seguridad Social&nbsp;(CNSS), respectivamente. Estos acuerdos permitir\u00e1n a las&hellip; <\/p>\n","protected":false},"author":2,"featured_media":23100,"comment_status":"closed","ping_status":"closed","sticky":false,"template":"","format":"standard","meta":{"fifu_image_url":"","fifu_image_alt":"","footnotes":""},"categories":[188],"tags":[],"class_list":["post-23099","post","type-post","status-publish","format-standard","has-post-thumbnail","hentry","category-seguridad-social"],"_links":{"self":[{"href":"https:\/\/elmundodelosnegocios.com.do\/v1\/wp-json\/wp\/v2\/posts\/23099","targetHints":{"allow":["GET"]}}],"collection":[{"href":"https:\/\/elmundodelosnegocios.com.do\/v1\/wp-json\/wp\/v2\/posts"}],"about":[{"href":"https:\/\/elmundodelosnegocios.com.do\/v1\/wp-json\/wp\/v2\/types\/post"}],"author":[{"embeddable":true,"href":"https:\/\/elmundodelosnegocios.com.do\/v1\/wp-json\/wp\/v2\/users\/2"}],"replies":[{"embeddable":true,"href":"https:\/\/elmundodelosnegocios.com.do\/v1\/wp-json\/wp\/v2\/comments?post=23099"}],"version-history":[{"count":0,"href":"https:\/\/elmundodelosnegocios.com.do\/v1\/wp-json\/wp\/v2\/posts\/23099\/revisions"}],"wp:featuredmedia":[{"embeddable":true,"href":"https:\/\/elmundodelosnegocios.com.do\/v1\/wp-json\/wp\/v2\/media\/23100"}],"wp:attachment":[{"href":"https:\/\/elmundodelosnegocios.com.do\/v1\/wp-json\/wp\/v2\/media?parent=23099"}],"wp:term":[{"taxonomy":"category","embeddable":true,"href":"https:\/\/elmundodelosnegocios.com.do\/v1\/wp-json\/wp\/v2\/categories?post=23099"},{"taxonomy":"post_tag","embeddable":true,"href":"https:\/\/elmundodelosnegocios.com.do\/v1\/wp-json\/wp\/v2\/tags?post=23099"}],"curies":[{"name":"wp","href":"https:\/\/api.w.org\/{rel}","templated":true}]}}