{"id":23102,"date":"2022-10-13T08:49:14","date_gmt":"2022-10-13T13:19:14","guid":{"rendered":"https:\/\/elmundodelosnegocios.com.do\/v1\/?p=23102"},"modified":"2022-10-13T08:49:17","modified_gmt":"2022-10-13T13:19:17","slug":"fitur-realiza-entrega-oficial-de-reconocimiento-al-sector-turistico","status":"publish","type":"post","link":"https:\/\/elmundodelosnegocios.com.do\/v1\/fitur-realiza-entrega-oficial-de-reconocimiento-al-sector-turistico\/","title":{"rendered":"FITUR realiza entrega oficial de reconocimiento al sector tur\u00edstico"},"content":{"rendered":"\n<p>El acto de entrega oficial de los premios, realizado recientemente, fue presidido por el&nbsp; subdirector general de Cooperaci\u00f3n y Competitividad Tur\u00edstica, del Ministerio de Industria, Turismo y Comercio, F\u00e9lix de Paz Garc\u00eda<\/p>\n\n\n\n<p><strong><em>Madrid, Espa\u00f1a.<\/em><\/strong>&nbsp;\u2013 FITUR realiz\u00f3 la entrega oficial de los XLII premios a los Mejores Stands, donde el Ministerio de Turismo de Rep\u00fablica Dominicana obtuvo el galard\u00f3n en la categor\u00eda \u201cPa\u00edses y Regiones\u201d.<\/p>\n\n\n\n<p>La Feria premia la excelencia y la innovaci\u00f3n, as\u00ed como el esfuerzo de empresas, profesionales e investigadores por potenciar la imagen del sector, la diversificaci\u00f3n de su oferta y el desarrollo sostenible<\/p>\n\n\n\n<p>Los III Premios Stand Sostenible; los XXVII Premios de Turismo Activo; el XXIII Premio Tribuna FITUR-Jorge Vila Fradera, y por primera vez el Premio Especial a la trayectoria, todos ellos corresponden a la edici\u00f3n 2022 del FITUR, que se realiz\u00f3 el pasado mes de enero.<\/p>\n\n\n\n<p>XLII Premios Mejor Stand destacan la profesionalidad, dise\u00f1o y promoci\u00f3n de cada uno de estos, valorando su adecuaci\u00f3n a las necesidades de comercializaci\u00f3n, su identificaci\u00f3n con el producto que promocionan, y su grado de originalidad e innovaci\u00f3n.<\/p>\n\n\n\n<p>El conjunto de estos galardones significa el reconocimiento al esfuerzo de empresas, profesionales e investigadores para potenciar la imagen del sector; la creaci\u00f3n de nuevos productos que diversifiquen la oferta y que contribuyan al desarrollo sostenible.<\/p>\n\n\n\n<p>As\u00ed como, el esfuerzo de las empresas expositoras de FITUR por hacer que su presencia en la feria est\u00e9 alineada con los objetivos de desarrollo sostenible de Naciones Unidas, en cuanto a los aspectos que se refieren al impacto medioambiental, econ\u00f3mico y social de su stand.<\/p>\n\n\n\n<p>Adem\u00e1s, como cada a\u00f1o, FITUR tambi\u00e9n premi\u00f3 la labor de investigaci\u00f3n para impulsar la evoluci\u00f3n de este mercado desde el conocimiento y el an\u00e1lisis.<\/p>\n\n\n\n<p>El acto de entrega oficial de los premios, realizado recientemente, fue presidido por el&nbsp; subdirector general de Cooperaci\u00f3n y Competitividad Tur\u00edstica, del Ministerio de Industria, Turismo y Comercio, F\u00e9lix de Paz Garc\u00eda; ha contado con la presencia, del presidente ejecutivo de IFEMA, Jos\u00e9 Vicente de los Mozos, y del presidente del Comit\u00e9 Organizador de FITUR, y presidente de IBERIA, Javier S\u00e1nchez-Prieto, entre otros.<\/p>\n","protected":false},"excerpt":{"rendered":"<p>El acto de entrega oficial de los premios, realizado recientemente, fue presidido por el&nbsp; subdirector general de Cooperaci\u00f3n y Competitividad Tur\u00edstica, del Ministerio de Industria, Turismo y Comercio, F\u00e9lix de&hellip; <\/p>\n","protected":false},"author":2,"featured_media":23103,"comment_status":"closed","ping_status":"closed","sticky":false,"template":"","format":"standard","meta":{"fifu_image_url":"","fifu_image_alt":"","footnotes":""},"categories":[104,172],"tags":[],"class_list":["post-23102","post","type-post","status-publish","format-standard","has-post-thumbnail","hentry","category-marketing-turistico","category-turismo"],"_links":{"self":[{"href":"https:\/\/elmundodelosnegocios.com.do\/v1\/wp-json\/wp\/v2\/posts\/23102","targetHints":{"allow":["GET"]}}],"collection":[{"href":"https:\/\/elmundodelosnegocios.com.do\/v1\/wp-json\/wp\/v2\/posts"}],"about":[{"href":"https:\/\/elmundodelosnegocios.com.do\/v1\/wp-json\/wp\/v2\/types\/post"}],"author":[{"embeddable":true,"href":"https:\/\/elmundodelosnegocios.com.do\/v1\/wp-json\/wp\/v2\/users\/2"}],"replies":[{"embeddable":true,"href":"https:\/\/elmundodelosnegocios.com.do\/v1\/wp-json\/wp\/v2\/comments?post=23102"}],"version-history":[{"count":0,"href":"https:\/\/elmundodelosnegocios.com.do\/v1\/wp-json\/wp\/v2\/posts\/23102\/revisions"}],"wp:featuredmedia":[{"embeddable":true,"href":"https:\/\/elmundodelosnegocios.com.do\/v1\/wp-json\/wp\/v2\/media\/23103"}],"wp:attachment":[{"href":"https:\/\/elmundodelosnegocios.com.do\/v1\/wp-json\/wp\/v2\/media?parent=23102"}],"wp:term":[{"taxonomy":"category","embeddable":true,"href":"https:\/\/elmundodelosnegocios.com.do\/v1\/wp-json\/wp\/v2\/categories?post=23102"},{"taxonomy":"post_tag","embeddable":true,"href":"https:\/\/elmundodelosnegocios.com.do\/v1\/wp-json\/wp\/v2\/tags?post=23102"}],"curies":[{"name":"wp","href":"https:\/\/api.w.org\/{rel}","templated":true}]}}