{"id":23108,"date":"2022-10-13T08:54:29","date_gmt":"2022-10-13T13:24:29","guid":{"rendered":"https:\/\/elmundodelosnegocios.com.do\/v1\/?p=23108"},"modified":"2022-10-13T08:54:31","modified_gmt":"2022-10-13T13:24:31","slug":"rd-presente-en-la-26o-edicion-de-la-feria-internacional-de-turismo-de-america-latina-fit","status":"publish","type":"post","link":"https:\/\/elmundodelosnegocios.com.do\/v1\/rd-presente-en-la-26o-edicion-de-la-feria-internacional-de-turismo-de-america-latina-fit\/","title":{"rendered":"RD presente en la 26\u00ba edici\u00f3n de la Feria Internacional de Turismo de Am\u00e9rica Latina (FIT)"},"content":{"rendered":"\n<p>La 26\u00ba edici\u00f3n que se desarroll\u00f3 del 1 al 4 de octubre 2022, convoc\u00f3 a 81.243 visitantes, superando la edici\u00f3n r\u00e9cord del 2019<\/p>\n\n\n\n<p>Buenos Aires, Argentina. \u2013 Rep\u00fablica Dominicana particip\u00f3 en la 26\u00ba edici\u00f3n de la Feria Internacional de Turismo de Am\u00e9rica Latina (FIT) 2022, que se llev\u00f3 a cabo en el predio ferial de exposiciones La Rural, ciudad aut\u00f3noma de Buenos Aires, donde se realizaron reuniones de negocios para que m\u00e1s turistas sudamericanos visiten Quisqueya.<\/p>\n\n\n<div class=\"wp-block-image\">\n<figure class=\"aligncenter size-full\"><img loading=\"lazy\" decoding=\"async\" width=\"1024\" height=\"768\" src=\"http:\/\/elmundodelosnegocios.com.do\/v1\/wp-content\/uploads\/2022\/10\/REH0218-2.jpg\" alt=\"\" class=\"wp-image-23109\" srcset=\"https:\/\/elmundodelosnegocios.com.do\/v1\/wp-content\/uploads\/2022\/10\/REH0218-2.jpg 1024w, https:\/\/elmundodelosnegocios.com.do\/v1\/wp-content\/uploads\/2022\/10\/REH0218-2-300x225.jpg 300w, https:\/\/elmundodelosnegocios.com.do\/v1\/wp-content\/uploads\/2022\/10\/REH0218-2-768x576.jpg 768w\" sizes=\"auto, (max-width: 1024px) 100vw, 1024px\" \/><\/figure>\n<\/div>\n\n\n<p>Durante los d\u00edas del evento se agot\u00f3 una agenda de trabajo con compa\u00f1\u00edas a\u00e9reas y tour operadores vendedores del producto tur\u00edstico dominicano.<\/p>\n\n\n\n<p>El stand dominicano cont\u00f3 con un espacio de 160 m2 en el Sector Internacional, donde participaron 16 empresas de la cadena de servicios tur\u00edsticos del pa\u00eds, entre ellos hoteles y empresas receptivas, los cuales realizaron sus encuentros de negocios.<\/p>\n\n\n\n<p>Asimismo, varios medios de prensa argentina se dieron cita en el stand, al igual que miles de asistentes al evento, en busca de informaci\u00f3n sobre el destino Rep\u00fablica Dominicana.<\/p>\n\n\n\n<p>La feria FIT es la m\u00e1s importante de la regi\u00f3n y se desarroll\u00f3 en una superficie de 34.625 m2, donde se reunieron a 1.784 expositores.<\/p>\n\n\n\n<p>La 26\u00ba edici\u00f3n que se desarroll\u00f3 del 1 al 4 de octubre 2022, convoc\u00f3 a 81.243 visitantes, superando la edici\u00f3n r\u00e9cord del 2019. Por otro lado, hasta el tercer d\u00eda de feria llevaba m\u00e1s de 23.000 profesionales del turismo convocados.<\/p>\n\n\n\n<p>En el marco del evento se desarrollaron otros eventos destacados, entre ellos la ronda de negocios \u201cFIT Visit Argentina Connect\u201d que reuni\u00f3 a 120 tour operadores nacionales e internacionales.<\/p>\n\n\n\n<p>Tambi\u00e9n el espacio FIT Tech del Travel Forum Latam, que aport\u00f3 charlas y capacitaciones dirigidas a la industria sobre innovaci\u00f3n, tecnolog\u00eda, sostenibilidad, problem\u00e1ticas globales y locales del turismo.<\/p>\n\n\n\n<p>En la inauguraci\u00f3n del c\u00f3nclave, estuvo presidiendo la comitiva de apertura Gustavo Hani, presidente de FIT, C\u00e1mara Argentina de Turismo (CAT), Federaci\u00f3n Argentina de Asociaciones de Empresas de Viajes y<\/p>\n\n\n\n<p>Turismo (FAEVYT); Mat\u00edas Lammens, ministro de Turismo y Deporte de la Rep\u00fablica Argentina; Lucas Delfino, presidente del Ente de Turismo de la Ciudad de Buenos Aires, entre otros.<\/p>\n","protected":false},"excerpt":{"rendered":"<p>La 26\u00ba edici\u00f3n que se desarroll\u00f3 del 1 al 4 de octubre 2022, convoc\u00f3 a 81.243 visitantes, superando la edici\u00f3n r\u00e9cord del 2019 Buenos Aires, Argentina. \u2013 Rep\u00fablica Dominicana particip\u00f3&hellip; <\/p>\n","protected":false},"author":2,"featured_media":23109,"comment_status":"closed","ping_status":"closed","sticky":false,"template":"","format":"standard","meta":{"fifu_image_url":"","fifu_image_alt":"","footnotes":""},"categories":[172],"tags":[],"class_list":["post-23108","post","type-post","status-publish","format-standard","has-post-thumbnail","hentry","category-turismo"],"_links":{"self":[{"href":"https:\/\/elmundodelosnegocios.com.do\/v1\/wp-json\/wp\/v2\/posts\/23108","targetHints":{"allow":["GET"]}}],"collection":[{"href":"https:\/\/elmundodelosnegocios.com.do\/v1\/wp-json\/wp\/v2\/posts"}],"about":[{"href":"https:\/\/elmundodelosnegocios.com.do\/v1\/wp-json\/wp\/v2\/types\/post"}],"author":[{"embeddable":true,"href":"https:\/\/elmundodelosnegocios.com.do\/v1\/wp-json\/wp\/v2\/users\/2"}],"replies":[{"embeddable":true,"href":"https:\/\/elmundodelosnegocios.com.do\/v1\/wp-json\/wp\/v2\/comments?post=23108"}],"version-history":[{"count":0,"href":"https:\/\/elmundodelosnegocios.com.do\/v1\/wp-json\/wp\/v2\/posts\/23108\/revisions"}],"wp:featuredmedia":[{"embeddable":true,"href":"https:\/\/elmundodelosnegocios.com.do\/v1\/wp-json\/wp\/v2\/media\/23109"}],"wp:attachment":[{"href":"https:\/\/elmundodelosnegocios.com.do\/v1\/wp-json\/wp\/v2\/media?parent=23108"}],"wp:term":[{"taxonomy":"category","embeddable":true,"href":"https:\/\/elmundodelosnegocios.com.do\/v1\/wp-json\/wp\/v2\/categories?post=23108"},{"taxonomy":"post_tag","embeddable":true,"href":"https:\/\/elmundodelosnegocios.com.do\/v1\/wp-json\/wp\/v2\/tags?post=23108"}],"curies":[{"name":"wp","href":"https:\/\/api.w.org\/{rel}","templated":true}]}}