{"id":23198,"date":"2022-10-18T20:44:57","date_gmt":"2022-10-19T01:14:57","guid":{"rendered":"https:\/\/elmundodelosnegocios.com.do\/v1\/?p=23198"},"modified":"2022-10-18T20:45:00","modified_gmt":"2022-10-19T01:15:00","slug":"23198","status":"publish","type":"post","link":"https:\/\/elmundodelosnegocios.com.do\/v1\/23198\/","title":{"rendered":""},"content":{"rendered":"\n<p>Santo Domingo.-&nbsp;<strong>El Ministro de Energ\u00eda y Minas, Antonio Almonte,<\/strong>&nbsp;encabez\u00f3 este martes el acto de apertura de la&nbsp;<strong>XII Conferencia Anual de Ministerios de Miner\u00eda de las Am\u00e9ricas (CAMMA),<\/strong>&nbsp;actividad en la que ratific\u00f3 el respaldo del Gobierno dominicano para desarrollar una&nbsp;<strong>pol\u00edtica minera responsable<\/strong>.<\/p>\n\n\n\n<p>Almonte, en sus palabras de apertura del c\u00f3nclave, abord\u00f3 el&nbsp;<strong>valor de la industria extractiva nacional<\/strong>&nbsp;en t\u00e9rminos de empleabilidad, estabilidad de las finanzas p\u00fablicas, generaci\u00f3n de divisas, transferencia tecnol\u00f3gica y responsabilidad social.<\/p>\n\n\n\n<p>El Ministro ratific\u00f3 el&nbsp;<strong>compromiso del Gobierno dominicano&nbsp;<\/strong>para ejecutar una extracci\u00f3n minera responsable en las zonas del pa\u00eds con potencial para ese tipo de yacimientos.<\/p>\n\n\n\n<p>Dijo que la miner\u00eda responsable se ejecuta en dos fases: respetando el&nbsp;<strong>medioambiente<\/strong>&nbsp;y como facilitador de la&nbsp;<strong>transici\u00f3n energ\u00e9tica<\/strong>, por la importancia de los minerales en ese proceso.<\/p>\n\n\n\n<figure class=\"wp-block-image\"><img decoding=\"async\" src=\"https:\/\/presidencia.gob.do\/sites\/default\/files\/content\/Conferencia%20CAMMA.jpg\" alt=\"\"\/><\/figure>\n\n\n\n<p><em>\u201cDesde esta gesti\u00f3n se respeta el derecho de las comunidades a defender su entorno; tambi\u00e9n velamos por el respeto a las inversiones locales y extranjeras\u201d,<\/em>&nbsp;indic\u00f3 Almonte tras destacar la importancia de la miner\u00eda&nbsp;<strong>desde el punto de vista fiscal y en la generaci\u00f3n de empleos&nbsp;<\/strong>en las zonas donde se realizan estas actividades.<\/p>\n\n\n\n<p>El Ministro record\u00f3 que durante la pandemia la industria extractiva fue un&nbsp;<strong>sost\u00e9n de la econom\u00eda dominicana<\/strong>, ya que las vacunas y los insumos m\u00e9dicos que se utilizaron en ese momento fueron comprados&nbsp;<strong>por las divisas que generaron las exportaciones mineras<\/strong>.<\/p>\n\n\n\n<p>De su lado, el&nbsp;<strong>director ejecutivo de Camma y asesor de Miner\u00eda del Poder Ejecutivo<\/strong>,&nbsp;<strong>Miguel Pe\u00f1a<\/strong>, destac\u00f3 la importancia del encuentro que cada a\u00f1o re\u00fane a los ministros de Miner\u00eda de 23 gobiernos de las Am\u00e9ricas y el Caribe. En la actividad participaron&nbsp;<strong>el viceministro de Minas, Miguel D\u00edaz y el director General de Miner\u00eda, Rolando Mu\u00f1oz.<\/strong><\/p>\n\n\n\n<p>La Conferencia Anual de Ministerios de Miner\u00eda de Las Am\u00e9ricas se desarrolla este martes y seguir\u00e1 ma\u00f1ana mi\u00e9rcoles en los salones del hotel Sheraton con la participaci\u00f3n de los principales actores del sector e invitados internacionales que exponen de manera presencial y virtual.<\/p>\n\n\n\n<p>La primera ponencia estuvo a cargo del consultor&nbsp;<strong>Armand Peschard-Sverdrup<\/strong>, con grado en Ciencias Pol\u00edticas y Econom\u00eda por la Universidad de Carleton y estudios de posgrado en la Escuela de Asuntos Internacionales de la Universidad de Georgetown, quien dict\u00f3 la conferencia&nbsp;<strong>\u201cMiner\u00eda y gobernanza de los recursos minerales en el desarrollo de Latinoam\u00e9rica\u201d.<\/strong><\/p>\n\n\n\n<p>Los salones del hotel Sheraton, en el Malec\u00f3n de Santo Domingo, sirven de escenario para este c\u00f3nclave internacional -considerado el m\u00e1s importante del sector minero de Las Am\u00e9ricas- que busca resaltar&nbsp;<strong>la miner\u00eda como vector clave para el desarrollo integral de los Estados.<\/strong><\/p>\n\n\n\n<p>Este mi\u00e9rcoles encabezar\u00e1n el acto la&nbsp;<strong>Vicepresidenta de la Rep\u00fablica Raquel Pe\u00f1a y el Ministro de Energ\u00eda y Minas, Antonio Almonte<\/strong>; tambi\u00e9n expondr\u00e1n: Joel Santos, Ministro de la Presidencia; Mark Bristow, presidente de Barrick Gold; Juana Barcel\u00f3, presidenta de Barrick Pueblo Viejo; Rafael Poveda, consultor de la Comisi\u00f3n Econ\u00f3mica para Am\u00e9rica Latina y el Caribe (CEPAL); Adan Olivares, de la Iniciativa para el Aseguramiento de la Miner\u00eda Responsable, y Pierre Pasquale, del Instituto de Gobernanza de Recursos Nacionales.<\/p>\n\n\n\n<p>CAMMA es un espacio propicio para mejorar la&nbsp;<strong>gobernanza<\/strong>&nbsp;de los recursos minerales, fortalecer los&nbsp;<strong>compromisos ecosostenibles<\/strong>&nbsp;y subrayar la contribuci\u00f3n de la miner\u00eda a la consecuci\u00f3n de los llamados \u201c<strong>Objetivos del Milenio\u201d.<\/strong><\/p>\n\n\n\n<p>En la actividad hicieron acto de presencia el encargado de Negocios de la Embajada de Estados Unidos, Robert Thomas, y el embajador de Colombia, Daniel Cabrales, as\u00ed como Juana Barcel\u00f3, presidenta de Barrick Pueblo Viejo; Elizabeth Mena, vicepresidenta de Cormidom, y Ram\u00f3n Tapia, presidente de Unigold.<\/p>\n","protected":false},"excerpt":{"rendered":"<p>Santo Domingo.-&nbsp;El Ministro de Energ\u00eda y Minas, Antonio Almonte,&nbsp;encabez\u00f3 este martes el acto de apertura de la&nbsp;XII Conferencia Anual de Ministerios de Miner\u00eda de las Am\u00e9ricas (CAMMA),&nbsp;actividad en la que&hellip; <\/p>\n","protected":false},"author":2,"featured_media":23199,"comment_status":"closed","ping_status":"closed","sticky":false,"template":"","format":"standard","meta":{"fifu_image_url":"","fifu_image_alt":"","footnotes":""},"categories":[160],"tags":[],"class_list":["post-23198","post","type-post","status-publish","format-standard","has-post-thumbnail","hentry","category-mineria"],"_links":{"self":[{"href":"https:\/\/elmundodelosnegocios.com.do\/v1\/wp-json\/wp\/v2\/posts\/23198","targetHints":{"allow":["GET"]}}],"collection":[{"href":"https:\/\/elmundodelosnegocios.com.do\/v1\/wp-json\/wp\/v2\/posts"}],"about":[{"href":"https:\/\/elmundodelosnegocios.com.do\/v1\/wp-json\/wp\/v2\/types\/post"}],"author":[{"embeddable":true,"href":"https:\/\/elmundodelosnegocios.com.do\/v1\/wp-json\/wp\/v2\/users\/2"}],"replies":[{"embeddable":true,"href":"https:\/\/elmundodelosnegocios.com.do\/v1\/wp-json\/wp\/v2\/comments?post=23198"}],"version-history":[{"count":0,"href":"https:\/\/elmundodelosnegocios.com.do\/v1\/wp-json\/wp\/v2\/posts\/23198\/revisions"}],"wp:featuredmedia":[{"embeddable":true,"href":"https:\/\/elmundodelosnegocios.com.do\/v1\/wp-json\/wp\/v2\/media\/23199"}],"wp:attachment":[{"href":"https:\/\/elmundodelosnegocios.com.do\/v1\/wp-json\/wp\/v2\/media?parent=23198"}],"wp:term":[{"taxonomy":"category","embeddable":true,"href":"https:\/\/elmundodelosnegocios.com.do\/v1\/wp-json\/wp\/v2\/categories?post=23198"},{"taxonomy":"post_tag","embeddable":true,"href":"https:\/\/elmundodelosnegocios.com.do\/v1\/wp-json\/wp\/v2\/tags?post=23198"}],"curies":[{"name":"wp","href":"https:\/\/api.w.org\/{rel}","templated":true}]}}