{"id":23275,"date":"2022-10-20T10:17:32","date_gmt":"2022-10-20T14:47:32","guid":{"rendered":"https:\/\/elmundodelosnegocios.com.do\/v1\/?p=23275"},"modified":"2022-10-20T10:17:34","modified_gmt":"2022-10-20T14:47:34","slug":"presentan-banco-popular-y-embajada-en-mexico-libro-y-plataforma-dominicana-creativa-talento-en-la-economia-naranja","status":"publish","type":"post","link":"https:\/\/elmundodelosnegocios.com.do\/v1\/presentan-banco-popular-y-embajada-en-mexico-libro-y-plataforma-dominicana-creativa-talento-en-la-economia-naranja\/","title":{"rendered":"Presentan Banco Popular y Embajada en M\u00e9xico libro y plataforma\u00a0\u201cDominicana Creativa. Talento en la econom\u00eda naranja\u201d"},"content":{"rendered":"\n<p>El Banco Popular Dominicano y la Embajada de la Rep\u00fablica Dominicana en M\u00e9xico presentaron el libro y plataforma multimedia <em>Dominicana Creativa. Talento en la econom\u00eda naranja<\/em> en la sede de la misi\u00f3n diplom\u00e1tica en M\u00e9xico, frente a creativos e intelectuales dominicanos y mexicanos, autoridades de la Secretar\u00eda de Cultura mexicana y del Fondo Nacional de Fomento a las Artes y, compradores de distintas tiendas mutimarcas mexicanas, directores de cine y galeristas mexicanos.<\/p>\n\n\n\n<figure class=\"wp-block-gallery has-nested-images columns-2 is-cropped wp-block-gallery-1 is-layout-flex wp-block-gallery-is-layout-flex\">\n<figure class=\"wp-block-image size-large\"><a href=\"https:\/\/elmundodelosnegocios.com.do\/v1\/wp-content\/uploads\/2022\/10\/01-3.jpg\"><img loading=\"lazy\" decoding=\"async\" width=\"1024\" height=\"683\" data-id=\"23277\" src=\"https:\/\/elmundodelosnegocios.com.do\/v1\/wp-content\/uploads\/2022\/10\/01-3-1024x683.jpg\" alt=\"\" class=\"wp-image-23277\" srcset=\"https:\/\/elmundodelosnegocios.com.do\/v1\/wp-content\/uploads\/2022\/10\/01-3-1024x683.jpg 1024w, https:\/\/elmundodelosnegocios.com.do\/v1\/wp-content\/uploads\/2022\/10\/01-3-300x200.jpg 300w, https:\/\/elmundodelosnegocios.com.do\/v1\/wp-content\/uploads\/2022\/10\/01-3-768x512.jpg 768w, https:\/\/elmundodelosnegocios.com.do\/v1\/wp-content\/uploads\/2022\/10\/01-3-1536x1024.jpg 1536w, https:\/\/elmundodelosnegocios.com.do\/v1\/wp-content\/uploads\/2022\/10\/01-3.jpg 1750w\" sizes=\"auto, (max-width: 1024px) 100vw, 1024px\" \/><\/a><\/figure>\n\n\n\n<figure class=\"wp-block-image size-large\"><a href=\"https:\/\/elmundodelosnegocios.com.do\/v1\/wp-content\/uploads\/2022\/10\/02-1.jpg\"><img loading=\"lazy\" decoding=\"async\" width=\"1024\" height=\"683\" data-id=\"23279\" src=\"https:\/\/elmundodelosnegocios.com.do\/v1\/wp-content\/uploads\/2022\/10\/02-1-1024x683.jpg\" alt=\"\" class=\"wp-image-23279\" srcset=\"https:\/\/elmundodelosnegocios.com.do\/v1\/wp-content\/uploads\/2022\/10\/02-1-1024x683.jpg 1024w, https:\/\/elmundodelosnegocios.com.do\/v1\/wp-content\/uploads\/2022\/10\/02-1-300x200.jpg 300w, https:\/\/elmundodelosnegocios.com.do\/v1\/wp-content\/uploads\/2022\/10\/02-1-768x512.jpg 768w, https:\/\/elmundodelosnegocios.com.do\/v1\/wp-content\/uploads\/2022\/10\/02-1-1536x1024.jpg 1536w, https:\/\/elmundodelosnegocios.com.do\/v1\/wp-content\/uploads\/2022\/10\/02-1.jpg 1750w\" sizes=\"auto, (max-width: 1024px) 100vw, 1024px\" \/><\/a><\/figure>\n\n\n\n<figure class=\"wp-block-image size-large\"><a href=\"https:\/\/elmundodelosnegocios.com.do\/v1\/wp-content\/uploads\/2022\/10\/03-1.jpg\"><img loading=\"lazy\" decoding=\"async\" width=\"1024\" height=\"708\" data-id=\"23278\" src=\"https:\/\/elmundodelosnegocios.com.do\/v1\/wp-content\/uploads\/2022\/10\/03-1-1024x708.jpg\" alt=\"\" class=\"wp-image-23278\" srcset=\"https:\/\/elmundodelosnegocios.com.do\/v1\/wp-content\/uploads\/2022\/10\/03-1-1024x708.jpg 1024w, https:\/\/elmundodelosnegocios.com.do\/v1\/wp-content\/uploads\/2022\/10\/03-1-300x207.jpg 300w, https:\/\/elmundodelosnegocios.com.do\/v1\/wp-content\/uploads\/2022\/10\/03-1-768x531.jpg 768w, https:\/\/elmundodelosnegocios.com.do\/v1\/wp-content\/uploads\/2022\/10\/03-1.jpg 1225w\" sizes=\"auto, (max-width: 1024px) 100vw, 1024px\" \/><\/a><\/figure>\n\n\n\n<figure class=\"wp-block-image size-large\"><a href=\"https:\/\/elmundodelosnegocios.com.do\/v1\/wp-content\/uploads\/2022\/10\/04-2.jpg\"><img loading=\"lazy\" decoding=\"async\" width=\"1024\" height=\"683\" data-id=\"23276\" src=\"https:\/\/elmundodelosnegocios.com.do\/v1\/wp-content\/uploads\/2022\/10\/04-2-1024x683.jpg\" alt=\"\" class=\"wp-image-23276\" srcset=\"https:\/\/elmundodelosnegocios.com.do\/v1\/wp-content\/uploads\/2022\/10\/04-2-1024x683.jpg 1024w, https:\/\/elmundodelosnegocios.com.do\/v1\/wp-content\/uploads\/2022\/10\/04-2-300x200.jpg 300w, https:\/\/elmundodelosnegocios.com.do\/v1\/wp-content\/uploads\/2022\/10\/04-2-768x513.jpg 768w, https:\/\/elmundodelosnegocios.com.do\/v1\/wp-content\/uploads\/2022\/10\/04-2-1536x1025.jpg 1536w, https:\/\/elmundodelosnegocios.com.do\/v1\/wp-content\/uploads\/2022\/10\/04-2.jpg 1750w\" sizes=\"auto, (max-width: 1024px) 100vw, 1024px\" \/><\/a><\/figure>\n<\/figure>\n\n\n\n<p>La participaci\u00f3n del Banco Popular forma parte de sus iniciativas para promover la proyecci\u00f3n global del talento creativo y cultural de la Rep\u00fablica Dominicana, as\u00ed como el potencial econ\u00f3mico del pa\u00eds.<\/p>\n\n\n\n<p>La presentaci\u00f3n formal de la obra estuvo a cargo del se\u00f1or Jos\u00e9 M\u00e1rmol, vicepresidente ejecutivo de Comunicaciones Corporativas, Reputaci\u00f3n y Banca Responsable del Grupo Popular, quien subray\u00f3 que el prop\u00f3sito principal de esta iniciativa estriba en visibilizar, tanto nacional como internacionalmente, el impacto econ\u00f3mico de las industrias creativas y culturales, su dinamismo en la generaci\u00f3n de empleos directos e indirectos, as\u00ed como la necesidad de potenciar la inventiva y el talento emprendedor de las nuevas generaciones de dominicanos, tanto en el pa\u00eds como en el exterior.<\/p>\n\n\n\n<p>La embajadora de la Rep\u00fablica Dominicana en M\u00e9xico, se\u00f1ora Mar\u00eda Isabel Castillo B\u00e1ez, agradeci\u00f3 la oportunidad de extender a interlocutores mexicanos la conversaci\u00f3n iniciada en la Rep\u00fablica Dominicana en una alianza de triple h\u00e9lice entre el Banco Popular Dominicano, el Ministerio de Industria, Comercio&nbsp; y Mipymes de la Rep\u00fablica Dominicana y el Instituto Tecnol\u00f3gico de Santo Domingo (INTEC), en torno a visibilizar el valor de nuestras industrias creativas y culturales como motor para el crecimiento econ\u00f3mico sostenible, como fuente enriquecedora de nuestra oferta exportable y como oportunidad para fomentar cadenas regionales de valor entre el sector creativo de la Rep\u00fablica Dominicana y el de otros pa\u00edses.&nbsp;&nbsp;<\/p>\n\n\n\n<p>Asimismo, expres\u00f3 que el gobierno dominicano reconoce el enorme potencial para el desarrollo sostenible que presenta la econom\u00eda naranja por lo que est\u00e1 tomando acciones, como lo es la Estrategia Nacional para la Exportaci\u00f3n de Servicios Modernos, para potenciar y apoyar a los creativos dominicanos impulsando la industria audiovisual, las telecomunicaciones, la inform\u00e1tica, la gastronom\u00eda, la moda, la m\u00fasica y los servicios profesionales, entre otros. A\u00f1adi\u00f3 que, bajo esa misma l\u00ednea de trabajo, durante el \u00faltimo a\u00f1o y medio la Embajada de la Rep\u00fablica Dominicana en M\u00e9xico ha ayudado a siete marcas creativas dominicanas a ingresar al mercado mexicano, lo que constituye un hito sin precedentes para la presencia del talento creativo dominicano en M\u00e9xico.&nbsp; Puntualiz\u00f3 que se ha registrado un aumento del 28% en las exportaciones dominicanas a M\u00e9xico en el primer semestre del a\u00f1o 2022.&nbsp;&nbsp;&nbsp;<\/p>\n\n\n\n<p>Se cont\u00f3 con la disertaci\u00f3n de la se\u00f1ora Gloria Lugo, jefa de Operaciones de la Oficina del BID en M\u00e9xico, quien destac\u00f3 las oportunidades de desarrollo de pa\u00edses como la Rep\u00fablica Dominicana para posicionar la creatividad como un elemento integral econ\u00f3mico y social, y el impacto de las industrias creativas en LATAM y el Caribe.&nbsp;<\/p>\n\n\n\n<p>Como parte de la presentaci\u00f3n, se realiz\u00f3 un panel, basado en la publicaci\u00f3n de la entidad bancaria, con la intervenci\u00f3n de creativos dominicanos residentes en M\u00e9xico; las actrices Mar\u00eda del Mar Bonelly y Katherine Fuentes, el artista pl\u00e1stico Jos\u00e9 Francisco B\u00e1ez Ferreira, el cantautor Giorgio Siladi y el editor, productor y director teatral Benny Ferreira, con la moderaci\u00f3n del se\u00f1or Esteban Mart\u00ednez-Murga, vicepresidente del \u00c1rea de Comunicaci\u00f3n y Reputaci\u00f3n Corporativas.<\/p>\n\n\n\n<p>En el intercambio de ideas se examinaron las barreras que impiden o dificultan a los artistas dominicanos alcanzar mayores niveles de proyecci\u00f3n internacional, as\u00ed como aspectos que la Rep\u00fablica Dominicana puede aprender del desarrollo de las artes esc\u00e9nicas en M\u00e9xico, entre otros temas de inter\u00e9s pr\u00e1ctico.&nbsp;<\/p>\n\n\n\n<p>El evento incluy\u00f3 una muestra musical a cargo de Diomary La Mala y Giorgio Siladi, seguida de un recorrido por la exposici\u00f3n <em>Una Isla en Otro Mapa<\/em> que incluye obras de arte de artistas dominicanos residentes en M\u00e9xico y la exhibici\u00f3n de las marcas creativas dominicanas presentes en el mercado mexicano: Laura Tosato, M\u00f3nica Varela, Burnna, Jenny Polanco, K\u00e1 Dipuglia, y LeBlancStudios. Y el brindis fue auspiciado por Ron Brugal.<\/p>\n\n\n\n<p>El desarrollo de estos proyectos forma parte de la alianza p\u00fablico\u2013privada entre el Banco Popular, el Ministerio de Industria, Comercio y Mipymes, el Ministerio de Cultura y tambi\u00e9n el Instituto Tecnol\u00f3gico de Santo Domingo (INTEC) para impulsar la econom\u00eda naranja e internacionalizar la oferta exportadora creativa del pa\u00eds. En el portal web&nbsp;<a href=\"http:\/\/www.economianaranja.com.do\/\">www.economianaranja.com.do<\/a>&nbsp;&nbsp;se acopian estas y otras herramientas de cada entidad.<\/p>\n","protected":false},"excerpt":{"rendered":"<p>El Banco Popular Dominicano y la Embajada de la Rep\u00fablica Dominicana en M\u00e9xico presentaron el libro y plataforma multimedia Dominicana Creativa. Talento en la econom\u00eda naranja en la sede de&hellip; <\/p>\n","protected":false},"author":2,"featured_media":23278,"comment_status":"closed","ping_status":"closed","sticky":false,"template":"","format":"standard","meta":{"fifu_image_url":"","fifu_image_alt":"","footnotes":""},"categories":[148],"tags":[],"class_list":["post-23275","post","type-post","status-publish","format-standard","has-post-thumbnail","hentry","category-cultura"],"_links":{"self":[{"href":"https:\/\/elmundodelosnegocios.com.do\/v1\/wp-json\/wp\/v2\/posts\/23275","targetHints":{"allow":["GET"]}}],"collection":[{"href":"https:\/\/elmundodelosnegocios.com.do\/v1\/wp-json\/wp\/v2\/posts"}],"about":[{"href":"https:\/\/elmundodelosnegocios.com.do\/v1\/wp-json\/wp\/v2\/types\/post"}],"author":[{"embeddable":true,"href":"https:\/\/elmundodelosnegocios.com.do\/v1\/wp-json\/wp\/v2\/users\/2"}],"replies":[{"embeddable":true,"href":"https:\/\/elmundodelosnegocios.com.do\/v1\/wp-json\/wp\/v2\/comments?post=23275"}],"version-history":[{"count":0,"href":"https:\/\/elmundodelosnegocios.com.do\/v1\/wp-json\/wp\/v2\/posts\/23275\/revisions"}],"wp:featuredmedia":[{"embeddable":true,"href":"https:\/\/elmundodelosnegocios.com.do\/v1\/wp-json\/wp\/v2\/media\/23278"}],"wp:attachment":[{"href":"https:\/\/elmundodelosnegocios.com.do\/v1\/wp-json\/wp\/v2\/media?parent=23275"}],"wp:term":[{"taxonomy":"category","embeddable":true,"href":"https:\/\/elmundodelosnegocios.com.do\/v1\/wp-json\/wp\/v2\/categories?post=23275"},{"taxonomy":"post_tag","embeddable":true,"href":"https:\/\/elmundodelosnegocios.com.do\/v1\/wp-json\/wp\/v2\/tags?post=23275"}],"curies":[{"name":"wp","href":"https:\/\/api.w.org\/{rel}","templated":true}]}}