{"id":23316,"date":"2022-10-24T08:00:49","date_gmt":"2022-10-24T12:30:49","guid":{"rendered":"https:\/\/elmundodelosnegocios.com.do\/v1\/?p=23316"},"modified":"2022-10-24T08:00:52","modified_gmt":"2022-10-24T12:30:52","slug":"infotep-impacta-a-dominicanos-y-dominicanas-en-14-paises-y-42-ciudades-de-europa","status":"publish","type":"post","link":"https:\/\/elmundodelosnegocios.com.do\/v1\/infotep-impacta-a-dominicanos-y-dominicanas-en-14-paises-y-42-ciudades-de-europa\/","title":{"rendered":"INFOTEP impacta a dominicanos y dominicanas en 14 pa\u00edses y 42 ciudades de Europa"},"content":{"rendered":"\n<p>Santo Domingo.-&nbsp;<strong>El Instituto Nacional de Formaci\u00f3n T\u00e9cnico Profesional (INFOTEP)<\/strong>&nbsp;dio apertura al&nbsp;<strong>programa de capacitaci\u00f3n<\/strong>&nbsp;que impactar\u00e1 a miles de&nbsp;<strong>dominicanos residentes en 42 ciudades de 14 pa\u00edses de Europa<\/strong>, a los cuales se les dotar\u00e1 de distintas competencias, conocimientos, destrezas, habilidades y actitudes requeridas por el mercado laboral.<\/p>\n\n\n\n<figure class=\"wp-block-image size-large\"><img loading=\"lazy\" decoding=\"async\" width=\"1024\" height=\"576\" src=\"https:\/\/elmundodelosnegocios.com.do\/v1\/wp-content\/uploads\/2022\/10\/Rafael-Fe\u0301liz-Garci\u0301a-Joel-Santos-Rafael-Santos-Badi\u0301a-Carlos-de-la-Mota-y-Jose\u0301-Ramo\u0301n-Holgui\u0301n-1024x576.jpg\" alt=\"\" class=\"wp-image-23317\" srcset=\"https:\/\/elmundodelosnegocios.com.do\/v1\/wp-content\/uploads\/2022\/10\/Rafael-Fe\u0301liz-Garci\u0301a-Joel-Santos-Rafael-Santos-Badi\u0301a-Carlos-de-la-Mota-y-Jose\u0301-Ramo\u0301n-Holgui\u0301n-1024x576.jpg 1024w, https:\/\/elmundodelosnegocios.com.do\/v1\/wp-content\/uploads\/2022\/10\/Rafael-Fe\u0301liz-Garci\u0301a-Joel-Santos-Rafael-Santos-Badi\u0301a-Carlos-de-la-Mota-y-Jose\u0301-Ramo\u0301n-Holgui\u0301n-300x169.jpg 300w, https:\/\/elmundodelosnegocios.com.do\/v1\/wp-content\/uploads\/2022\/10\/Rafael-Fe\u0301liz-Garci\u0301a-Joel-Santos-Rafael-Santos-Badi\u0301a-Carlos-de-la-Mota-y-Jose\u0301-Ramo\u0301n-Holgui\u0301n-768x432.jpg 768w, https:\/\/elmundodelosnegocios.com.do\/v1\/wp-content\/uploads\/2022\/10\/Rafael-Fe\u0301liz-Garci\u0301a-Joel-Santos-Rafael-Santos-Badi\u0301a-Carlos-de-la-Mota-y-Jose\u0301-Ramo\u0301n-Holgui\u0301n.jpg 1300w\" sizes=\"auto, (max-width: 1024px) 100vw, 1024px\" \/><figcaption>Rafael Fe\u0301liz Garci\u0301a, Joel Santos, Rafael Santos Badi\u0301a, Carlos de la Mota y Jose\u0301 Ramo\u0301n Holgui\u0301n.jpg<\/figcaption><\/figure>\n\n\n\n<p><strong>El director general del INFOTEP, Rafael Santos Bad\u00eda<\/strong>, expres\u00f3 que este programa forma parte de los esfuerzos que lleva a cabo el INFOTEP para lograr, junto al&nbsp;<strong>Instituto de Dominicanos y Dominicanas en el Exterior (INDEX),<\/strong>&nbsp;la expansi\u00f3n de la formaci\u00f3n t\u00e9cnica profesional de los dominicanos, sin importar el lugar donde se encuentren. Hasta este momento,&nbsp;<strong>546 dominicanos ya han realizado su proceso de inscripci\u00f3n.<\/strong><\/p>\n\n\n\n<p><em>\u201cJusto y oportuno es revalorizar y reciprocar el creciente n\u00famero de dominicanos y dominicanas que residen en el exterior, al contribuir el Estado a trav\u00e9s del INFOTEP, a elevar su nivel de bienestar y oportunidades\u201d<\/em>, expres\u00f3 Santos Bad\u00eda.<\/p>\n\n\n\n<figure class=\"wp-block-image\"><img decoding=\"async\" src=\"https:\/\/presidencia.gob.do\/sites\/default\/files\/content\/Pu%CC%81blico%20asistente%20al%20Lanzamiento%20del%20pograma%20de%20capacitacio%CC%81n%20para%20dominicanos%20en%20Europa.jpeg\" alt=\"\"\/><\/figure>\n\n\n\n<p>Indic\u00f3, adem\u00e1s, que con esta acci\u00f3n el INFOTEP se enmarca en las&nbsp;<strong>pol\u00edticas del Presidente Luis Abinader<\/strong>&nbsp;de mejorar la&nbsp;<strong>calidad de vida de los dominicanos<\/strong>&nbsp;residentes en distintas partes del mundo y facilitarles la&nbsp;<strong>oportunidad de acceder empleos dignos&nbsp;<\/strong>en las ciudades en las que residen.<\/p>\n\n\n\n<p><strong>El Ministro de la Presidencia, Joel Santos,<\/strong>&nbsp;calific\u00f3 el inicio del plan como trascendental e indic\u00f3 que gracias a este programa&nbsp;<strong>el pa\u00eds exportar\u00e1 capital humano de calidad<\/strong>&nbsp;y aumentar\u00e1, a los dominicanos en el exterior, las posibilidades de obtener mayores ingresos, lo cual impactar\u00e1 de manera positiva la econom\u00eda dominicana.<\/p>\n\n\n\n<p><em>\u201cDebemos velar porque cada vez m\u00e1s los dominicanos est\u00e9n mejor preparados; en la medida en que preparemos a los dominicanos, seremos un pa\u00eds m\u00e1s competitivo y eso se va a reflejar en un crecimiento econ\u00f3mico de gran importancia para la Rep\u00fablica Dominicana\u201d,<\/em>&nbsp;expres\u00f3 Joel Santos.<\/p>\n","protected":false},"excerpt":{"rendered":"<p>Santo Domingo.-&nbsp;El Instituto Nacional de Formaci\u00f3n T\u00e9cnico Profesional (INFOTEP)&nbsp;dio apertura al&nbsp;programa de capacitaci\u00f3n&nbsp;que impactar\u00e1 a miles de&nbsp;dominicanos residentes en 42 ciudades de 14 pa\u00edses de Europa, a los cuales se&hellip; <\/p>\n","protected":false},"author":2,"featured_media":23317,"comment_status":"closed","ping_status":"closed","sticky":false,"template":"","format":"standard","meta":{"fifu_image_url":"","fifu_image_alt":"","footnotes":""},"categories":[151],"tags":[],"class_list":["post-23316","post","type-post","status-publish","format-standard","has-post-thumbnail","hentry","category-gerencia"],"_links":{"self":[{"href":"https:\/\/elmundodelosnegocios.com.do\/v1\/wp-json\/wp\/v2\/posts\/23316","targetHints":{"allow":["GET"]}}],"collection":[{"href":"https:\/\/elmundodelosnegocios.com.do\/v1\/wp-json\/wp\/v2\/posts"}],"about":[{"href":"https:\/\/elmundodelosnegocios.com.do\/v1\/wp-json\/wp\/v2\/types\/post"}],"author":[{"embeddable":true,"href":"https:\/\/elmundodelosnegocios.com.do\/v1\/wp-json\/wp\/v2\/users\/2"}],"replies":[{"embeddable":true,"href":"https:\/\/elmundodelosnegocios.com.do\/v1\/wp-json\/wp\/v2\/comments?post=23316"}],"version-history":[{"count":0,"href":"https:\/\/elmundodelosnegocios.com.do\/v1\/wp-json\/wp\/v2\/posts\/23316\/revisions"}],"wp:featuredmedia":[{"embeddable":true,"href":"https:\/\/elmundodelosnegocios.com.do\/v1\/wp-json\/wp\/v2\/media\/23317"}],"wp:attachment":[{"href":"https:\/\/elmundodelosnegocios.com.do\/v1\/wp-json\/wp\/v2\/media?parent=23316"}],"wp:term":[{"taxonomy":"category","embeddable":true,"href":"https:\/\/elmundodelosnegocios.com.do\/v1\/wp-json\/wp\/v2\/categories?post=23316"},{"taxonomy":"post_tag","embeddable":true,"href":"https:\/\/elmundodelosnegocios.com.do\/v1\/wp-json\/wp\/v2\/tags?post=23316"}],"curies":[{"name":"wp","href":"https:\/\/api.w.org\/{rel}","templated":true}]}}