{"id":23380,"date":"2022-10-26T03:01:01","date_gmt":"2022-10-26T07:31:01","guid":{"rendered":"https:\/\/elmundodelosnegocios.com.do\/v1\/index.php\/2022\/10\/26\/andersen-global-refuerza-su-presencia-en-eslovaquia-con-un-bufete-de-abogados-lider\/"},"modified":"2022-10-26T03:01:01","modified_gmt":"2022-10-26T07:31:01","slug":"andersen-global-refuerza-su-presencia-en-eslovaquia-con-un-bufete-de-abogados-lider","status":"publish","type":"post","link":"https:\/\/elmundodelosnegocios.com.do\/v1\/andersen-global-refuerza-su-presencia-en-eslovaquia-con-un-bufete-de-abogados-lider\/","title":{"rendered":"Andersen Global refuerza su presencia en Eslovaquia con un bufete de abogados l\u00edder"},"content":{"rendered":"<p>SAN FRANCISCO&#8211;(BUSINESS WIRE)&#8211;Andersen Global sigue ampliando su alcance en Eslovaquia mediante un acuerdo de colaboraci\u00f3n con el bufete de abogados CLS \u010cavojsk\u00fd &amp; Partners, que complementa las capacidades fiscales de la organizaci\u00f3n en el pa\u00eds.<\/p>\n<p>CLS \u010cavojsk\u00fd &amp; Partners, fundado en 2006, est\u00e1 dirigido por el socio gerente Peter \u010cavojsk\u00fd y opera desde Bratislava. El equipo de profesionales ofrece un servicio completo en materia de derecho mercantil, laboral, bancario y de seguros, competencia, insolvencia, inmobiliario, cumplimiento normativo, contrataci\u00f3n p\u00fablica y derechos de propiedad intelectual. El bufete tambi\u00e9n es reconocido sistem\u00e1ticamente por The Legal 500 e IFLR 1000.<\/p>\n<p>\u201cA lo largo de los a\u00f1os, nuestro bufete ha sido reconocido como un bufete l\u00edder debido a nuestro enfoque centrado en el cliente y al profundo entendimiento de las necesidades de nuestros clientes\u201d, afirm\u00f3 Peter. \u201cColaborar con las personas de ideas afines de Andersen Global refuerza la trayectoria de crecimiento de nuestro bufete a medida que seguimos ampliando nuestro alcance global y nuestras capacidades para ofrecer un servicio de conexi\u00f3n directa en toda la regi\u00f3n y a nivel mundial\u201d.<\/p>\n<p>\u201cPeter y su equipo han demostrado sistem\u00e1ticamente su dedicaci\u00f3n a la administraci\u00f3n y al mejor servicio de su clase, lo que les permitir\u00e1 establecer s\u00f3lidas relaciones de trabajo con los miembros y las firmas colaboradoras de la regi\u00f3n\u201d, agreg\u00f3 el presidente de Andersen Global y CEO de Andersen, Mark Vorsatz. \u201cNuestra colaboraci\u00f3n con CLS \u010cavojsk\u00fd &amp; Partners mejora la cobertura de nuestra organizaci\u00f3n global mientras seguimos prestando un servicio integrado a nivel mundial\u201d.<\/p>\n<p>Andersen Global es una asociaci\u00f3n internacional de firmas miembro legalmente separadas e independientes compuestas por profesionales fiscales y legales en todo el mundo. Fundada en 2013 por la firma miembro estadounidense Andersen Tax LLC, Andersen Global cuenta ahora con m\u00e1s de 12.000 profesionales en todo el mundo y est\u00e1 presente en m\u00e1s de 380 lugares a trav\u00e9s de sus firmas miembro y firmas colaboradoras.<\/p>\n<p>El texto original en el idioma fuente de este comunicado es la versi\u00f3n oficial autorizada. Las traducciones solo se suministran como adaptaci\u00f3n y deben cotejarse con el texto en el idioma fuente, que es la \u00fanica versi\u00f3n del texto que tendr\u00e1 un efecto legal.<br \/>\n Contacts<br \/>\nMegan Tsuei<br \/>\nAndersen Global<br \/>\n415-764-2700<\/p>\n","protected":false},"excerpt":{"rendered":"<p>SAN FRANCISCO&#8211;(BUSINESS WIRE)&#8211;Andersen Global sigue ampliando su alcance en Eslovaquia mediante un acuerdo de colaboraci\u00f3n con el bufete de abogados CLS \u010cavojsk\u00fd &amp; Partners, que complementa las capacidades fiscales de&hellip; <\/p>\n","protected":false},"author":2,"featured_media":0,"comment_status":"closed","ping_status":"closed","sticky":false,"template":"","format":"standard","meta":{"fifu_image_url":"","fifu_image_alt":"","footnotes":""},"categories":[252],"tags":[253],"class_list":["post-23380","post","type-post","status-publish","format-standard","hentry","category-business-wire","tag-business-wire"],"_links":{"self":[{"href":"https:\/\/elmundodelosnegocios.com.do\/v1\/wp-json\/wp\/v2\/posts\/23380","targetHints":{"allow":["GET"]}}],"collection":[{"href":"https:\/\/elmundodelosnegocios.com.do\/v1\/wp-json\/wp\/v2\/posts"}],"about":[{"href":"https:\/\/elmundodelosnegocios.com.do\/v1\/wp-json\/wp\/v2\/types\/post"}],"author":[{"embeddable":true,"href":"https:\/\/elmundodelosnegocios.com.do\/v1\/wp-json\/wp\/v2\/users\/2"}],"replies":[{"embeddable":true,"href":"https:\/\/elmundodelosnegocios.com.do\/v1\/wp-json\/wp\/v2\/comments?post=23380"}],"version-history":[{"count":0,"href":"https:\/\/elmundodelosnegocios.com.do\/v1\/wp-json\/wp\/v2\/posts\/23380\/revisions"}],"wp:attachment":[{"href":"https:\/\/elmundodelosnegocios.com.do\/v1\/wp-json\/wp\/v2\/media?parent=23380"}],"wp:term":[{"taxonomy":"category","embeddable":true,"href":"https:\/\/elmundodelosnegocios.com.do\/v1\/wp-json\/wp\/v2\/categories?post=23380"},{"taxonomy":"post_tag","embeddable":true,"href":"https:\/\/elmundodelosnegocios.com.do\/v1\/wp-json\/wp\/v2\/tags?post=23380"}],"curies":[{"name":"wp","href":"https:\/\/api.w.org\/{rel}","templated":true}]}}