{"id":23535,"date":"2022-11-01T08:03:16","date_gmt":"2022-11-01T12:33:16","guid":{"rendered":"https:\/\/elmundodelosnegocios.com.do\/v1\/?p=23535"},"modified":"2022-11-01T08:03:18","modified_gmt":"2022-11-01T12:33:18","slug":"da-conocer-superintendencia-electricidad-reglamentos-regular-movilidad-electrica-rd","status":"publish","type":"post","link":"https:\/\/elmundodelosnegocios.com.do\/v1\/da-conocer-superintendencia-electricidad-reglamentos-regular-movilidad-electrica-rd\/","title":{"rendered":"Da conocer Superintendencia Electricidad reglamentos regular movilidad el\u00e9ctrica RD"},"content":{"rendered":"\n<p>La Superintendencia de Electricidad (SIE), realiz\u00f3 una audiencia p\u00fablica para conocer la propuesta del \u201cReglamento de Tarifas Aplicables para la Recarga de Veh\u00edculos El\u00e9ctricos\u201d y el \u201cReglamento T\u00e9cnico para los Sistemas de Recarga de Veh\u00edculos El\u00e9ctricos\u201d,&nbsp;con miras a dotar a la Rep\u00fablica Dominicana de un marco legal que regule el creciente mercado de la electromovilidad.<\/p>\n\n\n\n<figure class=\"wp-block-gallery has-nested-images columns-default is-cropped wp-block-gallery-1 is-layout-flex wp-block-gallery-is-layout-flex\">\n<figure class=\"wp-block-image size-large\"><img loading=\"lazy\" decoding=\"async\" width=\"1024\" height=\"683\" data-id=\"23536\" src=\"http:\/\/elmundodelosnegocios.com.do\/v1\/wp-content\/uploads\/2022\/11\/Clemens-Findeinsen-de-la-GIZ-Aura-Caraballo-Andres-Astacio-Diogenes-Rodriguez-1024x683.jpg\" alt=\"Clemens Findeinsen de la GIZ-Aura Caraballo-Andres Astacio-Diogenes Rodriguez\" class=\"wp-image-23536\" srcset=\"https:\/\/elmundodelosnegocios.com.do\/v1\/wp-content\/uploads\/2022\/11\/Clemens-Findeinsen-de-la-GIZ-Aura-Caraballo-Andres-Astacio-Diogenes-Rodriguez-1024x683.jpg 1024w, https:\/\/elmundodelosnegocios.com.do\/v1\/wp-content\/uploads\/2022\/11\/Clemens-Findeinsen-de-la-GIZ-Aura-Caraballo-Andres-Astacio-Diogenes-Rodriguez-300x200.jpg 300w, https:\/\/elmundodelosnegocios.com.do\/v1\/wp-content\/uploads\/2022\/11\/Clemens-Findeinsen-de-la-GIZ-Aura-Caraballo-Andres-Astacio-Diogenes-Rodriguez-768x512.jpg 768w, https:\/\/elmundodelosnegocios.com.do\/v1\/wp-content\/uploads\/2022\/11\/Clemens-Findeinsen-de-la-GIZ-Aura-Caraballo-Andres-Astacio-Diogenes-Rodriguez-1536x1024.jpg 1536w, https:\/\/elmundodelosnegocios.com.do\/v1\/wp-content\/uploads\/2022\/11\/Clemens-Findeinsen-de-la-GIZ-Aura-Caraballo-Andres-Astacio-Diogenes-Rodriguez.jpg 1620w\" sizes=\"auto, (max-width: 1024px) 100vw, 1024px\" \/><figcaption>Clemens Findeinsen de la GIZ-Aura Caraballo-Andres Astacio-Diogenes Rodriguez<\/figcaption><\/figure>\n\n\n\n<figure class=\"wp-block-image size-large\"><img loading=\"lazy\" decoding=\"async\" width=\"1024\" height=\"683\" data-id=\"23537\" src=\"http:\/\/elmundodelosnegocios.com.do\/v1\/wp-content\/uploads\/2022\/11\/Asociacion-de-Vehiculos-Electricos-de-RD-1024x683.jpg\" alt=\"Asociacion de Vehiculos Electricos de RD\" class=\"wp-image-23537\" srcset=\"https:\/\/elmundodelosnegocios.com.do\/v1\/wp-content\/uploads\/2022\/11\/Asociacion-de-Vehiculos-Electricos-de-RD-1024x683.jpg 1024w, https:\/\/elmundodelosnegocios.com.do\/v1\/wp-content\/uploads\/2022\/11\/Asociacion-de-Vehiculos-Electricos-de-RD-300x200.jpg 300w, https:\/\/elmundodelosnegocios.com.do\/v1\/wp-content\/uploads\/2022\/11\/Asociacion-de-Vehiculos-Electricos-de-RD-768x512.jpg 768w, https:\/\/elmundodelosnegocios.com.do\/v1\/wp-content\/uploads\/2022\/11\/Asociacion-de-Vehiculos-Electricos-de-RD-1536x1024.jpg 1536w, https:\/\/elmundodelosnegocios.com.do\/v1\/wp-content\/uploads\/2022\/11\/Asociacion-de-Vehiculos-Electricos-de-RD.jpg 1620w\" sizes=\"auto, (max-width: 1024px) 100vw, 1024px\" \/><figcaption>Asociacion de Vehiculos Electricos de RD<\/figcaption><\/figure>\n<\/figure>\n\n\n\n<p>La SIE, como el ente regulador del sector el\u00e9ctrico dominicano, tiene la atribuci\u00f3n sobre la reglamentaci\u00f3n para la movilidad el\u00e9ctrica en el pa\u00eds, incluyendo los aspectos tarifarios y t\u00e9cnicos.<\/p>\n\n\n\n<p>La regulaci\u00f3n para la electromovilidad en el pa\u00eds busca garantizar, tanto los derechos de los usuarios, como el cumplimiento de los est\u00e1ndares de calidad, seguridad, dise\u00f1o y operaci\u00f3n para los sistemas de recarga de los veh\u00edculos el\u00e9ctricos, incluyendo los aspectos tarifarios residenciales y comerciales, as\u00ed como los procedimientos y autorizaciones para la instalaci\u00f3n de infraestructuras de recarga.<\/p>\n\n\n\n<p>Adicionalmente, este instrumento legal define los requerimientos t\u00e9cnicos y tarifarios para la conexi\u00f3n de estaciones o puntos de recarga vehicular ubicadas en lugares p\u00fablicos y privados de uso p\u00fablico, dentro del \u00e1rea de influencia de cualquier empresa el\u00e9ctrica prestadora del servicio p\u00fablico de distribuci\u00f3n de electricidad.<\/p>\n\n\n\n<p>La audiencia p\u00fablica estuvo encabezada por el presidente del Consejo SIE y superintendente de Electricidad, Andr\u00e9s Astacio Polanco; los miembros del Consejo, Aura Caraballo y Di\u00f3genes Rodr\u00edguez.<\/p>\n\n\n\n<p>Durante sus palabras, el superintendente Astacio resalt\u00f3 que, \u00a8esta audiencia p\u00fablica es muy importante para todos nosotros y para el pa\u00eds, ya que el tema de la regulaci\u00f3n en la movilidad el\u00e9ctrica es un reto que hemos asumido, de encaminarnos cada d\u00eda m\u00e1s hacia una transici\u00f3n energ\u00e9tica, adoptando pr\u00e1cticas sostenibles y amigables con el medioambiente. Como la entidad reguladora del sector el\u00e9ctrico dominicano, nos enorgullece presentar estas propuestas, que son el resultado de meses de trabajo con el objetivo de desarrollar aspectos fundamentales como la comercializaci\u00f3n, interoperabilidad, tarifas comerciales y residenciales, aspectos t\u00e9cnicos y de seguridad, impacto en la red, consumo de energ\u00eda, carga inteligente, registro y transacciones de las estaciones de carga, aspectos jur\u00eddicos y mejores pr\u00e1cticas internacionales.\u201d<\/p>\n\n\n\n<p>Adicionalmente, agradeci\u00f3 la colaboraci\u00f3n de Agencia de Cooperaci\u00f3n Alemana GIZ, quienes a trav\u00e9s del Proyecto Transici\u00f3n Energ\u00e9tica, financiaron la consultor\u00eda realizada para el desarrollo de las propuestas presentadas.<\/p>\n\n\n\n<p>El evento cont\u00f3 con la participaci\u00f3n e intervenci\u00f3n de los agentes del sector el\u00e9ctrico y de movilidad involucrados en el tema, as\u00ed como p\u00fablico en general. En la misma, se dio respuesta a las preguntas formuladas y se recibieron los comentarios y sugerencias de los participantes.<\/p>\n\n\n\n<p>Con la realizaci\u00f3n de esta audiencia p\u00fablica, la SIE da cumplimiento a la Ley General de Libre Acceso a la Informaci\u00f3n P\u00fablica No. 200-04, a la Ley General de Electricidad 125-01, y a la Resoluci\u00f3n SIE-81-2005, del 10 de octubre de 2005, que instituye el Reglamento para la Celebraci\u00f3n de Audiencias P\u00fablicas.<\/p>\n\n\n\n<p>Como entidad reguladora y fiscalizadora del sector el\u00e9ctrico nacional, la Superintendencia de Electricidad est\u00e1 comprometida con la transformaci\u00f3n de la movilidad el\u00e9ctrica en Rep\u00fablica Dominicana, por lo que despliega pol\u00edticas p\u00fablicas para lograr mayor competitividad y eficiencia en este creciente mercado de veh\u00edculos que se impulsan con energ\u00eda limpia.<\/p>\n","protected":false},"excerpt":{"rendered":"<p>La Superintendencia de Electricidad (SIE), realiz\u00f3 una audiencia p\u00fablica para conocer la propuesta del \u201cReglamento de Tarifas Aplicables para la Recarga de Veh\u00edculos El\u00e9ctricos\u201d y el \u201cReglamento T\u00e9cnico para los&hellip; <\/p>\n","protected":false},"author":2,"featured_media":23537,"comment_status":"closed","ping_status":"closed","sticky":false,"template":"","format":"standard","meta":{"fifu_image_url":"","fifu_image_alt":"","footnotes":""},"categories":[182],"tags":[],"class_list":["post-23535","post","type-post","status-publish","format-standard","has-post-thumbnail","hentry","category-energia"],"_links":{"self":[{"href":"https:\/\/elmundodelosnegocios.com.do\/v1\/wp-json\/wp\/v2\/posts\/23535","targetHints":{"allow":["GET"]}}],"collection":[{"href":"https:\/\/elmundodelosnegocios.com.do\/v1\/wp-json\/wp\/v2\/posts"}],"about":[{"href":"https:\/\/elmundodelosnegocios.com.do\/v1\/wp-json\/wp\/v2\/types\/post"}],"author":[{"embeddable":true,"href":"https:\/\/elmundodelosnegocios.com.do\/v1\/wp-json\/wp\/v2\/users\/2"}],"replies":[{"embeddable":true,"href":"https:\/\/elmundodelosnegocios.com.do\/v1\/wp-json\/wp\/v2\/comments?post=23535"}],"version-history":[{"count":0,"href":"https:\/\/elmundodelosnegocios.com.do\/v1\/wp-json\/wp\/v2\/posts\/23535\/revisions"}],"wp:featuredmedia":[{"embeddable":true,"href":"https:\/\/elmundodelosnegocios.com.do\/v1\/wp-json\/wp\/v2\/media\/23537"}],"wp:attachment":[{"href":"https:\/\/elmundodelosnegocios.com.do\/v1\/wp-json\/wp\/v2\/media?parent=23535"}],"wp:term":[{"taxonomy":"category","embeddable":true,"href":"https:\/\/elmundodelosnegocios.com.do\/v1\/wp-json\/wp\/v2\/categories?post=23535"},{"taxonomy":"post_tag","embeddable":true,"href":"https:\/\/elmundodelosnegocios.com.do\/v1\/wp-json\/wp\/v2\/tags?post=23535"}],"curies":[{"name":"wp","href":"https:\/\/api.w.org\/{rel}","templated":true}]}}