{"id":23544,"date":"2022-11-01T08:58:08","date_gmt":"2022-11-01T13:28:08","guid":{"rendered":"https:\/\/elmundodelosnegocios.com.do\/v1\/?p=23544"},"modified":"2022-11-01T08:58:10","modified_gmt":"2022-11-01T13:28:10","slug":"voluntariado-bancentraliano-dono-rd500000-pesos-a-la-fundacion-de-amigos-contra-el-cancer-infantil-facci","status":"publish","type":"post","link":"https:\/\/elmundodelosnegocios.com.do\/v1\/voluntariado-bancentraliano-dono-rd500000-pesos-a-la-fundacion-de-amigos-contra-el-cancer-infantil-facci\/","title":{"rendered":"Voluntariado Bancentraliano don\u00f3 RD$500,000 pesos a la Fundaci\u00f3n de Amigos contra el C\u00e1ncer Infantil (FACCI)"},"content":{"rendered":"\n<p>Santo Domingo. Rep\u00fablica Dominicana.&nbsp;El Voluntariado Bancentraliano (VB), brazo social del Banco Central de la Rep\u00fablica Dominicana (BCRD), realiz\u00f3 una donaci\u00f3n de RD$500,000 a la Fundaci\u00f3n de Amigos contra el C\u00e1ncer Infantil (FACCI), en el marco de la emisi\u00f3n del marat\u00f3n radial \u2018\u00c1ngeles de Esperanza\u2019.<\/p>\n\n\n\n<p>Los recursos obtenidos ser\u00e1n usados para cubrir el tratamiento de ni\u00f1os con c\u00e1ncer que son asistidos en el Hospital Infantil Dr. Robert Reid Cabral, as\u00ed como para el sostenimiento de la casa que funciona como centro de acogida para los ni\u00f1os que viven en el interior del pa\u00eds.<\/p>\n\n\n\n<p>La fundaci\u00f3n FACCI ha ejercido ininterrumpidamente su labor altruista, garantizando la atenci\u00f3n m\u00e9dica y emocional a ni\u00f1os con c\u00e1ncer, ayud\u00e1ndolos con medicamentos oncol\u00f3gicos y no oncol\u00f3gicos, y facilitando procedimientos m\u00e9dicos, radioterapias, transporte y nutrici\u00f3n.<\/p>\n\n\n\n<p>En nombre de la FACCI, la Sra. Mar\u00eda Sangiovanni recibi\u00f3 la donaci\u00f3n en manos de Luis Mart\u00edn G\u00f3mez, vicepresidente ejecutivo del VB, y Denisse Comarazamy, encargada de la comisi\u00f3n de desarrollo y asistencia social.<\/p>\n\n\n\n<p>El Voluntariado Bancentraliano es una instituci\u00f3n vinculada al Banco Central, integrada por los sus colaboradores activos y pasivos que deciden manifestar su esp\u00edritu solidario con la sociedad y su sensibilidad con el medio ambiente, mediante el ejercicio de la generosidad humana y el cuidado de nuestro patrimonio natural.<\/p>\n","protected":false},"excerpt":{"rendered":"<p>Santo Domingo. Rep\u00fablica Dominicana.&nbsp;El Voluntariado Bancentraliano (VB), brazo social del Banco Central de la Rep\u00fablica Dominicana (BCRD), realiz\u00f3 una donaci\u00f3n de RD$500,000 a la Fundaci\u00f3n de Amigos contra el C\u00e1ncer&hellip; <\/p>\n","protected":false},"author":2,"featured_media":23545,"comment_status":"closed","ping_status":"closed","sticky":false,"template":"","format":"standard","meta":{"fifu_image_url":"","fifu_image_alt":"","footnotes":""},"categories":[78],"tags":[],"class_list":["post-23544","post","type-post","status-publish","format-standard","has-post-thumbnail","hentry","category-con-responsabilidad"],"_links":{"self":[{"href":"https:\/\/elmundodelosnegocios.com.do\/v1\/wp-json\/wp\/v2\/posts\/23544","targetHints":{"allow":["GET"]}}],"collection":[{"href":"https:\/\/elmundodelosnegocios.com.do\/v1\/wp-json\/wp\/v2\/posts"}],"about":[{"href":"https:\/\/elmundodelosnegocios.com.do\/v1\/wp-json\/wp\/v2\/types\/post"}],"author":[{"embeddable":true,"href":"https:\/\/elmundodelosnegocios.com.do\/v1\/wp-json\/wp\/v2\/users\/2"}],"replies":[{"embeddable":true,"href":"https:\/\/elmundodelosnegocios.com.do\/v1\/wp-json\/wp\/v2\/comments?post=23544"}],"version-history":[{"count":0,"href":"https:\/\/elmundodelosnegocios.com.do\/v1\/wp-json\/wp\/v2\/posts\/23544\/revisions"}],"wp:featuredmedia":[{"embeddable":true,"href":"https:\/\/elmundodelosnegocios.com.do\/v1\/wp-json\/wp\/v2\/media\/23545"}],"wp:attachment":[{"href":"https:\/\/elmundodelosnegocios.com.do\/v1\/wp-json\/wp\/v2\/media?parent=23544"}],"wp:term":[{"taxonomy":"category","embeddable":true,"href":"https:\/\/elmundodelosnegocios.com.do\/v1\/wp-json\/wp\/v2\/categories?post=23544"},{"taxonomy":"post_tag","embeddable":true,"href":"https:\/\/elmundodelosnegocios.com.do\/v1\/wp-json\/wp\/v2\/tags?post=23544"}],"curies":[{"name":"wp","href":"https:\/\/api.w.org\/{rel}","templated":true}]}}