{"id":23634,"date":"2022-11-04T03:01:08","date_gmt":"2022-11-04T07:31:08","guid":{"rendered":"https:\/\/elmundodelosnegocios.com.do\/v1\/index.php\/2022\/11\/04\/arajet-continua-su-expansion-por-latinoamerica-con-la-incorporacion-de-nuevas-rutas-a-ecuador\/"},"modified":"2022-11-04T03:01:08","modified_gmt":"2022-11-04T07:31:08","slug":"arajet-continua-su-expansion-por-latinoamerica-con-la-incorporacion-de-nuevas-rutas-a-ecuador","status":"publish","type":"post","link":"https:\/\/elmundodelosnegocios.com.do\/v1\/arajet-continua-su-expansion-por-latinoamerica-con-la-incorporacion-de-nuevas-rutas-a-ecuador\/","title":{"rendered":"Arajet contin\u00faa su expansi\u00f3n por Latinoam\u00e9rica con la incorporaci\u00f3n de nuevas rutas a Ecuador"},"content":{"rendered":"<p>SANTO DOMINGO, Rep\u00fablica Dominicana&#8211;(BUSINESS WIRE)&#8211;Arajet, la aerol\u00ednea de bajo costo m\u00e1s reciente de la regi\u00f3n del Caribe, anunci\u00f3 hoy que suma dos nuevas rutas a Quito (UIO) y Guayaquil (GYE) desde el Aeropuerto Internacional de Las Am\u00e9ricas (SDQ). Estos dos nuevos destinos en Ecuador elevan la red actual de Arajet a 15 destinos en 10 pa\u00edses desde su lanzamiento desde su base en el Aeropuerto Internacional de Las Am\u00e9ricas en Santo Domingo, Rep\u00fablica Dominicana.<\/p>\n<p>Las nuevas rutas de Arajet que conectan Quito y Guayaquil con Santo Domingo son parte del crecimiento de la red de la aerol\u00ednea como nueva aerol\u00ednea nacional para la Rep\u00fablica Dominicana, que enfoca en ofrecer a los viajeros dominicanos nuevas opciones de vuelo, tarifas m\u00e1s bajas y mejor servicio.<\/p>\n<p>\u201cAl ofrecer tarifas m\u00e1s bajas al p\u00fablico dominicano, ahora somos capaces de construir y ofrecer viajes a\u00e9reos asequibles a nuestros hu\u00e9spedes. Su respuesta positiva est\u00e1 impulsando la r\u00e1pida expansi\u00f3n de Arajet. Hemos prometido revolucionar los cielos de la regi\u00f3n y queremos asegurarnos de cumplir con esas promesas a nuestros clientes con nuestras tarifas m\u00e1s bajas. Estamos en camino de ofrecer 19 rutas que conecten 11 pa\u00edses de las Am\u00e9ricas desde nuestra base en Santo Domingo para finales de 2022\u201d, afirm\u00f3 V\u00edctor Pacheco M\u00e9ndez, CEO y fundador de Arajet.<\/p>\n<p>Arajet est\u00e1 haciendo historia al conectar por primera vez Santo Domingo con Quito a trav\u00e9s de dos frecuencias semanales los lunes y viernes, y Guayaquil con vuelos los jueves y s\u00e1bados.<\/p>\n<p>Por el momento, Arajet ofrece un servicio sin escalas desde Santo Domingo hacia:<\/p>\n<p>Ciudad de M\u00e9xico, Monterrey y Canc\u00fan, M\u00e9xico<\/p>\n<p>San Salvador, El Salvador<\/p>\n<p>San Jos\u00e9, Costa Rica<\/p>\n<p>Ciudad de Guatemala, Guatemala<\/p>\n<p>Lima, Per\u00fa<\/p>\n<p>Cali, Barranquilla y Cartagena en Colombia<\/p>\n<p>Saint Marteen, Aruba y Curazao en el Caribe<\/p>\n<p>Arajet inici\u00f3 sus operaciones con cinco nuevos aviones Boeing 737MAX8, y la aerol\u00ednea tiene previsto sumar 12 m\u00e1s en los pr\u00f3ximos dos a\u00f1os para atender nuevas frecuencias en Centroam\u00e9rica, Sudam\u00e9rica y el Caribe, as\u00ed como 17 nuevos destinos en Estados Unidos y dos en Canad\u00e1 para apoyar su expansi\u00f3n.<\/p>\n<p>\u201cEstamos conectando con las personas a trav\u00e9s de una declaraci\u00f3n segura, accesible y orientada al servicio que es \u00fanica en la regi\u00f3n. Estamos construyendo una marca internacional que tanto los dominicanos como los extranjeros aman por igual y reconocen en todo el continente americano. Y estamos entusiasmados por llevar nuestra propuesta de valor y servicio \u00fanicos a los aproximadamente dos millones de di\u00e1sporas dominicanas que viven en Estados Unidos en un futuro pr\u00f3ximo\u201d, agreg\u00f3 Pacheco M\u00e9ndez.<\/p>\n<p>Arajet ofrece una tarifa base de 120 d\u00f3lares, la m\u00e1s baja de la regi\u00f3n. La aerol\u00ednea ya ha aumentado la cantidad de rutas y la frecuencia a Guatemala, El Salvador y M\u00e9xico para atender mejor la creciente demanda de pasajeros.<\/p>\n<p>Acerca de Arajet<\/p>\n<p>Arajet es la primera aerol\u00ednea de tarifas bajas en la regi\u00f3n del Caribe y comenz\u00f3 a operar en septiembre de 2022 desde su base en el aeropuerto de Las Am\u00e9ricas en Santo Domingo, bajo su certificado de operador a\u00e9reo (AOC) de la Rep\u00fablica Dominicana. Arajet operar\u00e1 una nueva flota de aviones Boeing 737MAX-8 que ofrecen viajes seguros y asequibles desde y hacia la Rep\u00fablica Dominicana a varios destinos en Am\u00e9rica del Norte, Central y del Sur, y la regi\u00f3n del Caribe. Para obtener m\u00e1s informaci\u00f3n, visite www.Arajet.com.<\/p>\n<p>El texto original en el idioma fuente de este comunicado es la versi\u00f3n oficial autorizada. Las traducciones solo se suministran como adaptaci\u00f3n y deben cotejarse con el texto en el idioma fuente, que es la \u00fanica versi\u00f3n del texto que tendr\u00e1 un efecto legal.<br \/>\n Contacts<br \/>\nMedio de comunicaci\u00f3n<br \/>\nGeraldine Villasmil, directora de comunicaci\u00f3nGeraldine.Villasmil@arajet.com<\/p>\n","protected":false},"excerpt":{"rendered":"<p>SANTO DOMINGO, Rep\u00fablica Dominicana&#8211;(BUSINESS WIRE)&#8211;Arajet, la aerol\u00ednea de bajo costo m\u00e1s reciente de la regi\u00f3n del Caribe, anunci\u00f3 hoy que suma dos nuevas rutas a Quito (UIO) y Guayaquil (GYE)&hellip; <\/p>\n","protected":false},"author":2,"featured_media":23635,"comment_status":"closed","ping_status":"closed","sticky":false,"template":"","format":"standard","meta":{"fifu_image_url":"","fifu_image_alt":"","footnotes":""},"categories":[252],"tags":[253],"class_list":["post-23634","post","type-post","status-publish","format-standard","has-post-thumbnail","hentry","category-business-wire","tag-business-wire"],"_links":{"self":[{"href":"https:\/\/elmundodelosnegocios.com.do\/v1\/wp-json\/wp\/v2\/posts\/23634","targetHints":{"allow":["GET"]}}],"collection":[{"href":"https:\/\/elmundodelosnegocios.com.do\/v1\/wp-json\/wp\/v2\/posts"}],"about":[{"href":"https:\/\/elmundodelosnegocios.com.do\/v1\/wp-json\/wp\/v2\/types\/post"}],"author":[{"embeddable":true,"href":"https:\/\/elmundodelosnegocios.com.do\/v1\/wp-json\/wp\/v2\/users\/2"}],"replies":[{"embeddable":true,"href":"https:\/\/elmundodelosnegocios.com.do\/v1\/wp-json\/wp\/v2\/comments?post=23634"}],"version-history":[{"count":0,"href":"https:\/\/elmundodelosnegocios.com.do\/v1\/wp-json\/wp\/v2\/posts\/23634\/revisions"}],"wp:featuredmedia":[{"embeddable":true,"href":"https:\/\/elmundodelosnegocios.com.do\/v1\/wp-json\/wp\/v2\/media\/23635"}],"wp:attachment":[{"href":"https:\/\/elmundodelosnegocios.com.do\/v1\/wp-json\/wp\/v2\/media?parent=23634"}],"wp:term":[{"taxonomy":"category","embeddable":true,"href":"https:\/\/elmundodelosnegocios.com.do\/v1\/wp-json\/wp\/v2\/categories?post=23634"},{"taxonomy":"post_tag","embeddable":true,"href":"https:\/\/elmundodelosnegocios.com.do\/v1\/wp-json\/wp\/v2\/tags?post=23634"}],"curies":[{"name":"wp","href":"https:\/\/api.w.org\/{rel}","templated":true}]}}