{"id":23638,"date":"2022-11-05T03:01:01","date_gmt":"2022-11-05T07:31:01","guid":{"rendered":"https:\/\/elmundodelosnegocios.com.do\/v1\/index.php\/2022\/11\/05\/resumen-q4-inc-anuncia-los-resultados-del-tercer-trimestre-de-2022\/"},"modified":"2022-11-05T03:01:01","modified_gmt":"2022-11-05T07:31:01","slug":"resumen-q4-inc-anuncia-los-resultados-del-tercer-trimestre-de-2022","status":"publish","type":"post","link":"https:\/\/elmundodelosnegocios.com.do\/v1\/resumen-q4-inc-anuncia-los-resultados-del-tercer-trimestre-de-2022\/","title":{"rendered":"Resumen: Q4 Inc. anuncia los resultados del tercer trimestre de 2022"},"content":{"rendered":"<p>Aceleraci\u00f3n de las iniciativas estrat\u00e9gicas que impulsen el crecimiento rentable<br \/>\nTORONTO&#8211;(BUSINESS WIRE)&#8211;Q4 Inc. (TSX:QFOR) (\u00abQ4\u00bb o la \u00abempresa\u00bb), una plataforma de comunicaci\u00f3n l\u00edder en los mercados de capitales, ha anunciado hoy sus resultados financieros correspondientes al periodo de tres y nueve meses finalizado el 30 de septiembre de 2022. Todos los importes est\u00e1n expresados en d\u00f3lares estadounidenses, a menos que se indique lo contrario.<\/p>\n<p>\u00abLos resultados del tercer trimestre reflejan el progreso hacia nuestra visi\u00f3n estrat\u00e9gica global y las acciones emprendidas para lograr un crecimiento rentable sostenido\u00bb, ha declarado Darrell Heaps, CEO de Q4.<\/p>\n<p>El comunicado en el idioma original es la versi\u00f3n oficial y autorizada del mismo. Esta traducci\u00f3n es solamente un medio de ayuda y deber\u00e1 ser comparada con el texto en idioma original, que es la \u00fanica versi\u00f3n del texto que tendr\u00e1 validez legal.<br \/>\n Contacts<br \/>\nInvestor Relations:<br \/>\nSara Pearson,\u00a0ir@q4inc.com<\/p>\n<p>Media Inquiries:<br \/>\nHeather Noll,\u00a0media@q4inc.com<\/p>\n","protected":false},"excerpt":{"rendered":"<p>Aceleraci\u00f3n de las iniciativas estrat\u00e9gicas que impulsen el crecimiento rentable TORONTO&#8211;(BUSINESS WIRE)&#8211;Q4 Inc. (TSX:QFOR) (\u00abQ4\u00bb o la \u00abempresa\u00bb), una plataforma de comunicaci\u00f3n l\u00edder en los mercados de capitales, ha anunciado&hellip; <\/p>\n","protected":false},"author":2,"featured_media":23639,"comment_status":"closed","ping_status":"closed","sticky":false,"template":"","format":"standard","meta":{"fifu_image_url":"","fifu_image_alt":"","footnotes":""},"categories":[252],"tags":[253],"class_list":["post-23638","post","type-post","status-publish","format-standard","has-post-thumbnail","hentry","category-business-wire","tag-business-wire"],"_links":{"self":[{"href":"https:\/\/elmundodelosnegocios.com.do\/v1\/wp-json\/wp\/v2\/posts\/23638","targetHints":{"allow":["GET"]}}],"collection":[{"href":"https:\/\/elmundodelosnegocios.com.do\/v1\/wp-json\/wp\/v2\/posts"}],"about":[{"href":"https:\/\/elmundodelosnegocios.com.do\/v1\/wp-json\/wp\/v2\/types\/post"}],"author":[{"embeddable":true,"href":"https:\/\/elmundodelosnegocios.com.do\/v1\/wp-json\/wp\/v2\/users\/2"}],"replies":[{"embeddable":true,"href":"https:\/\/elmundodelosnegocios.com.do\/v1\/wp-json\/wp\/v2\/comments?post=23638"}],"version-history":[{"count":0,"href":"https:\/\/elmundodelosnegocios.com.do\/v1\/wp-json\/wp\/v2\/posts\/23638\/revisions"}],"wp:featuredmedia":[{"embeddable":true,"href":"https:\/\/elmundodelosnegocios.com.do\/v1\/wp-json\/wp\/v2\/media\/23639"}],"wp:attachment":[{"href":"https:\/\/elmundodelosnegocios.com.do\/v1\/wp-json\/wp\/v2\/media?parent=23638"}],"wp:term":[{"taxonomy":"category","embeddable":true,"href":"https:\/\/elmundodelosnegocios.com.do\/v1\/wp-json\/wp\/v2\/categories?post=23638"},{"taxonomy":"post_tag","embeddable":true,"href":"https:\/\/elmundodelosnegocios.com.do\/v1\/wp-json\/wp\/v2\/tags?post=23638"}],"curies":[{"name":"wp","href":"https:\/\/api.w.org\/{rel}","templated":true}]}}