{"id":24003,"date":"2022-11-22T15:19:55","date_gmt":"2022-11-22T19:49:55","guid":{"rendered":"https:\/\/elmundodelosnegocios.com.do\/v1\/?p=24003"},"modified":"2022-11-22T15:19:58","modified_gmt":"2022-11-22T19:49:58","slug":"inauguran-planta-de-valorizacion-y-relleno-sanitario-vermont","status":"publish","type":"post","link":"https:\/\/elmundodelosnegocios.com.do\/v1\/inauguran-planta-de-valorizacion-y-relleno-sanitario-vermont\/","title":{"rendered":"Inauguran planta de valorizaci\u00f3n y relleno sanitario Vermont"},"content":{"rendered":"\n<p>La Altagracia. &#8211; Con una inversi\u00f3n inicial de 15 millones de d\u00f3lares,<strong>&nbsp;la Vicepresidenta de la Rep\u00fablica, Raquel Pe\u00f1a<\/strong>, inaugur\u00f3 la&nbsp;<strong>planta de valorizaci\u00f3n y relleno sanitario Vermont,&nbsp;<\/strong>con el objetivo de llevar la gesti\u00f3n integral de los residuos s\u00f3lidos urbanos en la provincia La Altagracia.<\/p>\n\n\n\n<p>Pe\u00f1a detall\u00f3 que esta inauguraci\u00f3n es fruto del proyecto presentado por la Direcci\u00f3n Ejecutiva del Fideicomiso P\u00fablico-Privado de Gesti\u00f3n Integral de Residuos.<\/p>\n\n\n\n<p>La presidenta del&nbsp;<strong>Gabinete de Promoci\u00f3n de Inversiones<\/strong>&nbsp;asegur\u00f3 que el gobierno que encabeza el&nbsp;<strong>Presidente Luis Abinader, est\u00e1 promoviendo pol\u00edticas p\u00fablicas en favor del medio ambiente y de la ciudadan\u00eda<\/strong>, con la finalidad de garantizar la sostenibilidad del modelo econ\u00f3mico y elevar la calidad de vida de la poblaci\u00f3n.<\/p>\n\n\n\n<p>Al dirigirse a los presentes, la funcionaria destac\u00f3 que la&nbsp;<strong>elevada generaci\u00f3n de residuos s\u00f3lidos<\/strong>&nbsp;es uno de los grandes problemas ambientales y de salud, los cuales no solo generan una imagen desagradable en nuestras localidades, sino que, adem\u00e1s, contaminan y ocupan grandes espacios convirti\u00e9ndolos en un&nbsp;<strong>problema social y de salud p\u00fablica.<\/strong><\/p>\n\n\n\n<p>Pe\u00f1a puntualiz\u00f3 que en el manejo de los residuos s\u00f3lidos tiene mucha importancia la denominada&nbsp;<strong>Regla de las Tres Erres<\/strong>, que pretende estimular la participaci\u00f3n ciudadana&nbsp;<strong>desde el \u00e1mbito del hogar<\/strong>, en la lucha contra la degradaci\u00f3n del planeta mediante la&nbsp;<strong>reducci\u00f3n, la reutilizaci\u00f3n y el reciclaje<\/strong>&nbsp;de los productos que se consumen.<\/p>\n\n\n\n<p><em>\u201cEn definitiva, y enfatizando todas las propuestas, se requiere la voluntad y el empe\u00f1o tanto del gobierno central, de los gobiernos locales, del sector privado y de la sociedad en general, para poder impulsar pol\u00edticas de gesti\u00f3n de residuos, en las que sin duda rendir\u00e1 sus frutos y mejorar\u00e1 considerablemente la salud, el medio ambiente y, por consiguiente, la calidad de vida de nuestra gente\u201d.<\/em><\/p>\n\n\n\n<figure class=\"wp-block-image\"><img decoding=\"async\" src=\"https:\/\/presidencia.gob.do\/sites\/default\/files\/content\/Raquel%20Pe%C3%B1a.jpeg\" alt=\"\"\/><\/figure>\n\n\n\n<p>En tanto que el&nbsp;<strong>Ministro de Medio Ambiente y Recursos Naturales, Miguel Ceara Hatton,<\/strong>&nbsp;asegur\u00f3 que Vermont es una muestra de que se est\u00e1n accionando iniciativas para solucionar la problem\u00e1tica de los residuos s\u00f3lidos.<\/p>\n\n\n\n<p><em>\u00abDando pasos concretos y buscando soluci\u00f3n a la problem\u00e1tica de los residuos s\u00f3lidos, hoy se inaugura el relleno sanitario de Vermont, donde podr\u00e1n verter los municipios de la regi\u00f3n Este que se acogieron al plan de regularizaci\u00f3n, as\u00ed como otros municipios y distritos municipales, como son: Ver\u00f3n, Higuey, La Otra Banda, San Rafael del Yuma, Laguna de Nisib\u00f3n, Boca de Yuma, Bayah\u00edbe\u00bb<\/em>, puntualiz\u00f3.<\/p>\n\n\n\n<p>Mientras que&nbsp;<strong>Jos\u00e9 Acebal, presidente de Vermont,<\/strong>&nbsp;expres\u00f3 que con la puesta en marcha de la planta&nbsp;<strong>se deja atr\u00e1s la \u00e9poca de los vertederos a cielo abierto, del bote indiscriminado de basura<\/strong>&nbsp;en lotes, r\u00edos y carreteras, de contaminaci\u00f3n, humaredas, de acciones con impacto negativo desmedido al medio ambiente y a la provincia de La Altagracia.<\/p>\n\n\n\n<p><em>\u201cReconocemos y saludamos todos los esfuerzos que cada uno de los actores involucrados ha realizado para lograr la implementaci\u00f3n de la Ley de Gesti\u00f3n Integral y Procesamiento de Residuos S\u00f3lidos No. 225-20 y la incorporaci\u00f3n del primer fideicomiso p\u00fablico-privado para la gesti\u00f3n de residuos, el cual ser\u00e1 un motor propulsor de innumerables iniciativas y acciones que nos conducir\u00e1n hacia un futuro m\u00e1s sostenible como naci\u00f3n\u201d<\/em>, sostuvo.<\/p>\n\n\n\n<p>El ejecutivo detall\u00f3 que Vermont adem\u00e1s consta de una planta valorizadora de materiales y un relleno sanitario para el manejo adecuado de los residuos org\u00e1nicos, tanto de los desechos como de los lixiviados.<\/p>\n\n\n\n<p>Durante la actividad estuvieron presentes, Alfredo Acebal, vicepresidente ejecutivo de Vermont, y la alcaldesa del Distrito Nacional, Carolina Mej\u00eda.<\/p>\n\n\n\n<p>Tambi\u00e9n acompa\u00f1aron a la vicepresidenta, Martina Pep\u00e9n, gobernadora de La Altagracia; Rafael Bar\u00f3n Duluc (Cholit\u00edn), alcalde por el municipio de Hig\u00fcey, y Ram\u00f3n Antonio Ram\u00edrez, alcalde de Ver\u00f3n.<\/p>\n","protected":false},"excerpt":{"rendered":"<p>La Altagracia. &#8211; Con una inversi\u00f3n inicial de 15 millones de d\u00f3lares,&nbsp;la Vicepresidenta de la Rep\u00fablica, Raquel Pe\u00f1a, inaugur\u00f3 la&nbsp;planta de valorizaci\u00f3n y relleno sanitario Vermont,&nbsp;con el objetivo de llevar&hellip; <\/p>\n","protected":false},"author":2,"featured_media":24004,"comment_status":"closed","ping_status":"closed","sticky":false,"template":"","format":"standard","meta":{"fifu_image_url":"","fifu_image_alt":"","footnotes":""},"categories":[69],"tags":[],"class_list":["post-24003","post","type-post","status-publish","format-standard","has-post-thumbnail","hentry","category-construccion"],"_links":{"self":[{"href":"https:\/\/elmundodelosnegocios.com.do\/v1\/wp-json\/wp\/v2\/posts\/24003","targetHints":{"allow":["GET"]}}],"collection":[{"href":"https:\/\/elmundodelosnegocios.com.do\/v1\/wp-json\/wp\/v2\/posts"}],"about":[{"href":"https:\/\/elmundodelosnegocios.com.do\/v1\/wp-json\/wp\/v2\/types\/post"}],"author":[{"embeddable":true,"href":"https:\/\/elmundodelosnegocios.com.do\/v1\/wp-json\/wp\/v2\/users\/2"}],"replies":[{"embeddable":true,"href":"https:\/\/elmundodelosnegocios.com.do\/v1\/wp-json\/wp\/v2\/comments?post=24003"}],"version-history":[{"count":0,"href":"https:\/\/elmundodelosnegocios.com.do\/v1\/wp-json\/wp\/v2\/posts\/24003\/revisions"}],"wp:featuredmedia":[{"embeddable":true,"href":"https:\/\/elmundodelosnegocios.com.do\/v1\/wp-json\/wp\/v2\/media\/24004"}],"wp:attachment":[{"href":"https:\/\/elmundodelosnegocios.com.do\/v1\/wp-json\/wp\/v2\/media?parent=24003"}],"wp:term":[{"taxonomy":"category","embeddable":true,"href":"https:\/\/elmundodelosnegocios.com.do\/v1\/wp-json\/wp\/v2\/categories?post=24003"},{"taxonomy":"post_tag","embeddable":true,"href":"https:\/\/elmundodelosnegocios.com.do\/v1\/wp-json\/wp\/v2\/tags?post=24003"}],"curies":[{"name":"wp","href":"https:\/\/api.w.org\/{rel}","templated":true}]}}