{"id":24010,"date":"2022-11-22T15:43:03","date_gmt":"2022-11-22T20:13:03","guid":{"rendered":"https:\/\/elmundodelosnegocios.com.do\/v1\/?p=24010"},"modified":"2022-11-22T15:43:05","modified_gmt":"2022-11-22T20:13:05","slug":"amchamdr-firma-acuerdo-de-colaboracion-con-camara-tic-para-fomentar-el-avance-tecnologico-en-el-pais","status":"publish","type":"post","link":"https:\/\/elmundodelosnegocios.com.do\/v1\/amchamdr-firma-acuerdo-de-colaboracion-con-camara-tic-para-fomentar-el-avance-tecnologico-en-el-pais\/","title":{"rendered":"AMCHAMDR firma acuerdo de colaboraci\u00f3n con C\u00e1mara TIC para fomentar el avance tecnol\u00f3gico en el pa\u00eds"},"content":{"rendered":"\n<p>La C\u00e1mara Americana de Comercio de la Rep\u00fablica Dominicana, firm\u00f3 un acuerdo de colaboraci\u00f3n con la C\u00e1mara Dominicana de las Tecnolog\u00edas de Informaci\u00f3n y Comunicaci\u00f3n (C\u00e1mara TIC), para fomentar el intercambio de experiencias y personal en los campos de la tecnolog\u00eda, el intercambio de productos y servicios y la promoci\u00f3n de la econom\u00eda digital, para continuar el avance en materia de tecnolog\u00eda e innovaci\u00f3n.<\/p>\n\n\n\n<p>El acuerdo fue formalizado por el vicepresidente ejecutivo de AMCHAMDR William Malamud, y Arturo L\u00f3pez Valerio, presidente de la C\u00e1mara TIC.<\/p>\n\n\n\n<p>A su vez, este convenio beneficiar\u00e1 a que las empresas adopten estrategias digitales que les permitan elevar su nivel de competitividad. Ambas instituciones promover\u00e1n la \u00abGu\u00eda pr\u00e1ctica para montar tu negocio en internet\u00bb, producto del Comit\u00e9 de Tecnolog\u00eda e Innovaci\u00f3n de AMCHAMDR que incentiva a que las empresas exploren nuevos modelos de negocio online y cierren las brechas tecnol\u00f3gicas.<\/p>\n\n\n\n<p>La formalizaci\u00f3n se llev\u00f3 a cabo en las instalaciones de AMCHAMDR, y estuvieron presentes tambi\u00e9n Vivian Pe\u00f1a Izquierdo, presidenta del Comit\u00e9 de Tecnolog\u00eda e Innovaci\u00f3n de AMCHAMDR; Jos\u00e9 Alejandro Paulino, l\u00edder de la Comisi\u00f3n de Econom\u00eda Digital; e Isaac Garc\u00eda, director ejecutivo de C\u00e1mara TIC.<\/p>\n","protected":false},"excerpt":{"rendered":"<p>La C\u00e1mara Americana de Comercio de la Rep\u00fablica Dominicana, firm\u00f3 un acuerdo de colaboraci\u00f3n con la C\u00e1mara Dominicana de las Tecnolog\u00edas de Informaci\u00f3n y Comunicaci\u00f3n (C\u00e1mara TIC), para fomentar el&hellip; <\/p>\n","protected":false},"author":2,"featured_media":24011,"comment_status":"closed","ping_status":"closed","sticky":false,"template":"","format":"standard","meta":{"fifu_image_url":"","fifu_image_alt":"","footnotes":""},"categories":[166],"tags":[],"class_list":["post-24010","post","type-post","status-publish","format-standard","has-post-thumbnail","hentry","category-tecnologia"],"_links":{"self":[{"href":"https:\/\/elmundodelosnegocios.com.do\/v1\/wp-json\/wp\/v2\/posts\/24010","targetHints":{"allow":["GET"]}}],"collection":[{"href":"https:\/\/elmundodelosnegocios.com.do\/v1\/wp-json\/wp\/v2\/posts"}],"about":[{"href":"https:\/\/elmundodelosnegocios.com.do\/v1\/wp-json\/wp\/v2\/types\/post"}],"author":[{"embeddable":true,"href":"https:\/\/elmundodelosnegocios.com.do\/v1\/wp-json\/wp\/v2\/users\/2"}],"replies":[{"embeddable":true,"href":"https:\/\/elmundodelosnegocios.com.do\/v1\/wp-json\/wp\/v2\/comments?post=24010"}],"version-history":[{"count":0,"href":"https:\/\/elmundodelosnegocios.com.do\/v1\/wp-json\/wp\/v2\/posts\/24010\/revisions"}],"wp:featuredmedia":[{"embeddable":true,"href":"https:\/\/elmundodelosnegocios.com.do\/v1\/wp-json\/wp\/v2\/media\/24011"}],"wp:attachment":[{"href":"https:\/\/elmundodelosnegocios.com.do\/v1\/wp-json\/wp\/v2\/media?parent=24010"}],"wp:term":[{"taxonomy":"category","embeddable":true,"href":"https:\/\/elmundodelosnegocios.com.do\/v1\/wp-json\/wp\/v2\/categories?post=24010"},{"taxonomy":"post_tag","embeddable":true,"href":"https:\/\/elmundodelosnegocios.com.do\/v1\/wp-json\/wp\/v2\/tags?post=24010"}],"curies":[{"name":"wp","href":"https:\/\/api.w.org\/{rel}","templated":true}]}}