{"id":24013,"date":"2022-11-22T15:48:59","date_gmt":"2022-11-22T20:18:59","guid":{"rendered":"https:\/\/elmundodelosnegocios.com.do\/v1\/?p=24013"},"modified":"2022-11-22T16:02:04","modified_gmt":"2022-11-22T20:32:04","slug":"hazte-eco-del-banco-popular-recibe-reconocimiento-de-corresponsables","status":"publish","type":"post","link":"https:\/\/elmundodelosnegocios.com.do\/v1\/hazte-eco-del-banco-popular-recibe-reconocimiento-de-corresponsables\/","title":{"rendered":"\u201cHazte Eco\u201d del Banco Popular recibe reconocimiento de Corresponsables"},"content":{"rendered":"\n<h2 class=\"wp-block-heading\">Segundo a\u00f1o consecutivo que destacan una iniciativa de la entidad bancaria<\/h2>\n\n\n\n<p>Madrid, Espa\u00f1a \u2013 La Fundaci\u00f3n Corresponsables reconoci\u00f3 el programa y el portafolio de productos y servicios verdes del Banco Popular Dominicano \u201c<a href=\"https:\/\/www.popularenlinea.com\/hazteeco\" target=\"_blank\" rel=\"noreferrer noopener\">Hazte Eco<\/a>\u00ab, que result\u00f3 finalista en la categor\u00eda \u201cGran Empresa\u00bb, durante la XIII edici\u00f3n de los Premios Corresponsables, consider\u00e1ndolo una propuesta integral e innovadora que alinea las estrategias de negocio a los Principios de Banca Responsable de las Naciones Unidas, los Objetivos de Desarrollo Sostenible (ODS) y la Agenda 2030.<\/p>\n\n\n\n<p>Se trata del segundo a\u00f1o consecutivo que una iniciativa del Banco Popular resulta reconocida en este foro internacional, que premia las mejores pr\u00e1cticas en sostenibilidad y compromiso social y ambiental en instituciones del mundo de habla hispana, tanto organizaciones p\u00fablicas y privadas como instituciones no lucrativas.<\/p>\n\n\n\n<p>Al acto, que fue celebrado en el Aula Magna del IESE, Barcelona, Espa\u00f1a, asisti\u00f3 la se\u00f1ora Andrea Cordero, en representaci\u00f3n del Popular, quien recibi\u00f3 el galard\u00f3n en nombre de la organizaci\u00f3n financiera.<\/p>\n\n\n\n<p>\u201c<a href=\"https:\/\/www.popularenlinea.com\/hazteeco\" target=\"_blank\" rel=\"noreferrer noopener\">Hazte Eco\u200b<\/a>\u00bb es una iniciativa de doble prop\u00f3sito orientada a reducir y mitigar las emisiones de la propia operaci\u00f3n de la entidad bancaria y, a la vez, promover un portafolio de productos verdes, pionero en el mercado, que facilita el acceso de los clientes a opciones de financiamiento sostenible para disminuir el impacto de su huella de carbono.<\/p>\n\n\n\n<p><strong>Ampliaci\u00f3n de \u201cHazte Eco\u00bb<\/strong><\/p>\n\n\n\n<p>Recientemente, el Popular ampli\u00f3 su portafolio verde \u201cHazte Eco\u00bb con los pr\u00e9stamos revolventes Extrahogar Eco y ExtraEco y con el pr\u00e9stamo hipotecario HipotEco, tres nuevas soluciones de financiamiento con tasas preferenciales para adquirir productos con eficiencia energ\u00e9tica, realizar reformas sostenibles en el hogar o comprar una vivienda con sello de sostenibilidad.<\/p>\n\n\n\n<p>Adem\u00e1s, para motivar una vida m\u00e1s sostenible, el banco celebr\u00f3 su primera Feria \u201cHazte Eco\u00bb en m\u00e1s de 20 comercios, con&nbsp;<a href=\"https:\/\/www.popularenlinea.com\/beneficios\" target=\"_blank\" rel=\"noreferrer noopener\">descuentos de hasta un 15%, un 25% y un 35%\u200b<\/a>, en funci\u00f3n de la categor\u00eda de productos, y con la opci\u00f3n de financiar paneles solares, electrodom\u00e9sticos de bajo consumo, bicicletas, patinetas y motocicletas el\u00e9ctricas, entre otros, con dos puntos menos sobre las tasas regulares.<\/p>\n\n\n\n<p>Para esta edici\u00f3n de los Premios Corresponsables, se recibieron 814 postulaciones de empresas y organizaciones de todos los sectores econ\u00f3micos, con operaciones en Espa\u00f1a y en otros 15 pa\u00edses de Iberoam\u00e9rica, basadas en iniciativas de sostenibilidad, responsabilidad social y cumplimiento de los ODS.<\/p>\n\n\n\n<p>La versi\u00f3n de este a\u00f1o bati\u00f3 r\u00e9cord con m\u00e1s de 45,000 personas asistentes (v\u00eda&nbsp;<em>streaming<\/em>&nbsp;y presencial).<\/p>\n","protected":false},"excerpt":{"rendered":"<p>Segundo a\u00f1o consecutivo que destacan una iniciativa de la entidad bancaria Madrid, Espa\u00f1a \u2013 La Fundaci\u00f3n Corresponsables reconoci\u00f3 el programa y el portafolio de productos y servicios verdes del Banco&hellip; <\/p>\n","protected":false},"author":2,"featured_media":24016,"comment_status":"closed","ping_status":"closed","sticky":false,"template":"","format":"standard","meta":{"fifu_image_url":"","fifu_image_alt":"","footnotes":""},"categories":[157],"tags":[],"class_list":["post-24013","post","type-post","status-publish","format-standard","has-post-thumbnail","hentry","category-marketing"],"_links":{"self":[{"href":"https:\/\/elmundodelosnegocios.com.do\/v1\/wp-json\/wp\/v2\/posts\/24013","targetHints":{"allow":["GET"]}}],"collection":[{"href":"https:\/\/elmundodelosnegocios.com.do\/v1\/wp-json\/wp\/v2\/posts"}],"about":[{"href":"https:\/\/elmundodelosnegocios.com.do\/v1\/wp-json\/wp\/v2\/types\/post"}],"author":[{"embeddable":true,"href":"https:\/\/elmundodelosnegocios.com.do\/v1\/wp-json\/wp\/v2\/users\/2"}],"replies":[{"embeddable":true,"href":"https:\/\/elmundodelosnegocios.com.do\/v1\/wp-json\/wp\/v2\/comments?post=24013"}],"version-history":[{"count":0,"href":"https:\/\/elmundodelosnegocios.com.do\/v1\/wp-json\/wp\/v2\/posts\/24013\/revisions"}],"wp:featuredmedia":[{"embeddable":true,"href":"https:\/\/elmundodelosnegocios.com.do\/v1\/wp-json\/wp\/v2\/media\/24016"}],"wp:attachment":[{"href":"https:\/\/elmundodelosnegocios.com.do\/v1\/wp-json\/wp\/v2\/media?parent=24013"}],"wp:term":[{"taxonomy":"category","embeddable":true,"href":"https:\/\/elmundodelosnegocios.com.do\/v1\/wp-json\/wp\/v2\/categories?post=24013"},{"taxonomy":"post_tag","embeddable":true,"href":"https:\/\/elmundodelosnegocios.com.do\/v1\/wp-json\/wp\/v2\/tags?post=24013"}],"curies":[{"name":"wp","href":"https:\/\/api.w.org\/{rel}","templated":true}]}}