{"id":24057,"date":"2022-11-23T13:23:15","date_gmt":"2022-11-23T17:53:15","guid":{"rendered":"https:\/\/elmundodelosnegocios.com.do\/v1\/?p=24057"},"modified":"2022-11-23T13:23:17","modified_gmt":"2022-11-23T17:53:17","slug":"ven-necesario-adecuar-marco-regulatorio-actual-limita-potencialidades-sector-asegurador-r-d","status":"publish","type":"post","link":"https:\/\/elmundodelosnegocios.com.do\/v1\/ven-necesario-adecuar-marco-regulatorio-actual-limita-potencialidades-sector-asegurador-r-d\/","title":{"rendered":"Ven necesario adecuar marco regulatorio actual limita potencialidades sector asegurador R.D."},"content":{"rendered":"\n<p><strong>Santo Domingo, R.D.&nbsp;<\/strong>Noviembre de 2022.<strong>&#8211;<\/strong>&nbsp;El presidente de la C\u00e1mara Dominicana de Aseguradores y Reaseguradores, Inc. &nbsp;(Cadoar), ingeniero James Garc\u00eda Torres, cit\u00f3 los factores que inciden para que ese sector tenga una participaci\u00f3n de un 1.6% en el PIB, la cual contrasta con el casi 3% que en promedio tienen los dem\u00e1s pa\u00edses de Latinoam\u00e9rica.<\/p>\n\n\n\n<figure class=\"wp-block-gallery has-nested-images columns-default is-cropped wp-block-gallery-1 is-layout-flex wp-block-gallery-is-layout-flex\">\n<figure class=\"wp-block-image size-large\"><a href=\"https:\/\/elmundodelosnegocios.com.do\/v1\/wp-content\/uploads\/2022\/11\/Foto-1-Directivos-de-Cadoar-reconocen-al-presidente-de-Seguros-Universal-Ernesto-Izquierdo..jpeg\"><img loading=\"lazy\" decoding=\"async\" width=\"1024\" height=\"682\" data-id=\"24058\" src=\"https:\/\/elmundodelosnegocios.com.do\/v1\/wp-content\/uploads\/2022\/11\/Foto-1-Directivos-de-Cadoar-reconocen-al-presidente-de-Seguros-Universal-Ernesto-Izquierdo.-1024x682.jpeg\" alt=\"\" class=\"wp-image-24058\" srcset=\"https:\/\/elmundodelosnegocios.com.do\/v1\/wp-content\/uploads\/2022\/11\/Foto-1-Directivos-de-Cadoar-reconocen-al-presidente-de-Seguros-Universal-Ernesto-Izquierdo.-1024x682.jpeg 1024w, https:\/\/elmundodelosnegocios.com.do\/v1\/wp-content\/uploads\/2022\/11\/Foto-1-Directivos-de-Cadoar-reconocen-al-presidente-de-Seguros-Universal-Ernesto-Izquierdo.-300x200.jpeg 300w, https:\/\/elmundodelosnegocios.com.do\/v1\/wp-content\/uploads\/2022\/11\/Foto-1-Directivos-de-Cadoar-reconocen-al-presidente-de-Seguros-Universal-Ernesto-Izquierdo.-768x512.jpeg 768w, https:\/\/elmundodelosnegocios.com.do\/v1\/wp-content\/uploads\/2022\/11\/Foto-1-Directivos-de-Cadoar-reconocen-al-presidente-de-Seguros-Universal-Ernesto-Izquierdo..jpeg 1280w\" sizes=\"auto, (max-width: 1024px) 100vw, 1024px\" \/><\/a><\/figure>\n\n\n\n<figure class=\"wp-block-image size-large\"><a href=\"https:\/\/elmundodelosnegocios.com.do\/v1\/wp-content\/uploads\/2022\/11\/Foto-3-James-Garcia-Torres-presidente-de-Cadoar..jpeg\"><img loading=\"lazy\" decoding=\"async\" width=\"1024\" height=\"682\" data-id=\"24059\" src=\"https:\/\/elmundodelosnegocios.com.do\/v1\/wp-content\/uploads\/2022\/11\/Foto-3-James-Garcia-Torres-presidente-de-Cadoar.-1024x682.jpeg\" alt=\"\" class=\"wp-image-24059\" srcset=\"https:\/\/elmundodelosnegocios.com.do\/v1\/wp-content\/uploads\/2022\/11\/Foto-3-James-Garcia-Torres-presidente-de-Cadoar.-1024x682.jpeg 1024w, https:\/\/elmundodelosnegocios.com.do\/v1\/wp-content\/uploads\/2022\/11\/Foto-3-James-Garcia-Torres-presidente-de-Cadoar.-300x200.jpeg 300w, https:\/\/elmundodelosnegocios.com.do\/v1\/wp-content\/uploads\/2022\/11\/Foto-3-James-Garcia-Torres-presidente-de-Cadoar.-768x512.jpeg 768w, https:\/\/elmundodelosnegocios.com.do\/v1\/wp-content\/uploads\/2022\/11\/Foto-3-James-Garcia-Torres-presidente-de-Cadoar..jpeg 1280w\" sizes=\"auto, (max-width: 1024px) 100vw, 1024px\" \/><\/a><\/figure>\n<\/figure>\n\n\n\n<p>El dirigente empresarial dijo que esa industria es gravada con un impuesto que usualmente castiga el consumo y su regulaci\u00f3n actual dispone que los plazos de pago de las p\u00f3lizas sean los m\u00e1s largos de la regi\u00f3n, lo que a su juicio \u201cparecer\u00eda que como sector nos ha costado que se entienda la relevancia de nuestra actividad\u201d.<\/p>\n\n\n\n<p>Garc\u00eda Torres pronunci\u00f3 las palabras centrales de la celebraci\u00f3n del 50 aniversario de Cadoar, que reuni\u00f3 en un desayuno a sus principales directivos y autoridades oficiales, en el marco del cual fueron reconocidos empresarios que contribuyeron con el fortaleciendo de ese rengl\u00f3n productivo y el desarrollo econ\u00f3mico de la Naci\u00f3n, en medio siglo de vida institucional.<\/p>\n\n\n\n<p>Garc\u00eda Torres, record\u00f3 que el sector asegurador contin\u00faa siendo el garante y protector del patrimonio para asegurar el desarrollo socioecon\u00f3mico del pa\u00eds y puso como ejemplo que en el hurac\u00e1n Fiona, apenas categor\u00eda 1, cost\u00f3 unos 5 mil millones de pesos en primas.<\/p>\n\n\n\n<p>\u201cUna vez m\u00e1s somos protagonistas cuando el 4 de noviembre pasado y d\u00edas subsiguientes, las lluvias torrenciales nos impactaron hasta hoy con mil millones de pesos\u201d, manifest\u00f3 el presidente de Cadoar.<\/p>\n\n\n\n<p>Indic\u00f3 que \u201cesto sin contar con los riesgos operativos, entre los que se destaca el aumento, debido a la inflaci\u00f3n y la disrupci\u00f3n de la cadena log\u00edstica, de m\u00e1s de un 35% en las reparaciones de veh\u00edculos de motor\u201d.<\/p>\n\n\n\n<p>Se\u00f1al\u00f3 que hoy m\u00e1s que nunca es necesario reflexionar, entender y generar el accionar para crear conciencia sobre lo vital que es esa actividad en el desarrollo socioecon\u00f3mico del pa\u00eds y sus habitantes.<\/p>\n\n\n\n<p>Sobre sus prioridades mencion\u00f3 el proteger a los consumidores, poner a la actividad aseguradora dominicana a tono con las mejores pr\u00e1cticas internacionales, otorgar las herramientas necesarias a la Superintendencia de Seguros para el desarrollo de la propuesta normativa, su supervisi\u00f3n y control.<\/p>\n\n\n\n<p>Asimismo, entregar herramientas al sector asegurador para un crecimiento sostenible, generando mayor inclusi\u00f3n en todos los segmentos de la poblaci\u00f3n dominicana.<\/p>\n\n\n\n<p>La actividad se llev\u00f3 a cabo en el hotel El Embajador, con las palabras del presidente de Cadoar, Garc\u00eda Torres, y la entrega&nbsp;del&nbsp;reconocimiento&nbsp;al&nbsp;ingeniero&nbsp;Ernesto&nbsp;M. Izquierdo, presidente de Seguros Universal,&nbsp;por su trayectoria y aportes al sector asegurador&nbsp;del pa\u00eds, quien adem\u00e1s&nbsp;se convirti\u00f3 en el primer latinoamericano en recibir&nbsp;el&nbsp;premio \u201cAsegurador&nbsp;destacado de Am\u00e9rica Latina y Espa\u00f1a\u201d,&nbsp;por la Federaci\u00f2n Iberoamericana de Empresas de Seguros (Fides),&nbsp;en 2019.<\/p>\n\n\n\n<p>Asimismo, fueron distinguidos Luis F. V\u00e1squez, fundador y directivo Cadoar, y Mois\u00e9s A. Franco Llenas, por su activa y m\u00e1s largo per\u00edodo de participaci\u00f3n en la junta directiva, as\u00ed como por sus aportes a esa instituci\u00f3n.<\/p>\n\n\n\n<p>La celebraci\u00f3n del 50 aniversario de Cadoar incluy\u00f3, adem\u00e1s,&nbsp;el lanzamiento&nbsp;de su nueva identidad,&nbsp;la&nbsp;presentaci\u00f3n&nbsp;de los miembros&nbsp;de&nbsp;la&nbsp;junta directiva 2022-2204, presidida por James Garc\u00eda Torres, quien repite nuevamente en esa funci\u00f3n<\/p>\n\n\n\n<p>Completan la directiva Wilfredo Baquero Ginebra y Jos\u00e9 A. Zapata, primer y segundo vicepresidentes; Nina D\u00b4 Agostini del Valle, secretaria; Rafael Bol\u00edvar Nolasco Morel, vicesecretario; Pierina Pumarol, tesorero y V\u00edctor J. Rojas De Jes\u00fas, vicetesorero.<\/p>\n\n\n\n<p>Son vocales H\u00e9ctor A. Corominas Pe\u00f1a, Nelson Hedi Hern\u00e1ndez Pichardo, Milagros de los Santos Hinojosa, Luis Manuel Aguil\u00f3 y Fernando Joa. Como comisarios de cuentas est\u00e1n Rafael Rosario y Mar\u00eda de Jes\u00fas.<\/p>\n","protected":false},"excerpt":{"rendered":"<p>Santo Domingo, R.D.&nbsp;Noviembre de 2022.&#8211;&nbsp;El presidente de la C\u00e1mara Dominicana de Aseguradores y Reaseguradores, Inc. &nbsp;(Cadoar), ingeniero James Garc\u00eda Torres, cit\u00f3 los factores que inciden para que ese sector tenga&hellip; <\/p>\n","protected":false},"author":2,"featured_media":24058,"comment_status":"closed","ping_status":"closed","sticky":false,"template":"","format":"standard","meta":{"fifu_image_url":"","fifu_image_alt":"","footnotes":""},"categories":[89],"tags":[],"class_list":["post-24057","post","type-post","status-publish","format-standard","has-post-thumbnail","hentry","category-seguros"],"_links":{"self":[{"href":"https:\/\/elmundodelosnegocios.com.do\/v1\/wp-json\/wp\/v2\/posts\/24057","targetHints":{"allow":["GET"]}}],"collection":[{"href":"https:\/\/elmundodelosnegocios.com.do\/v1\/wp-json\/wp\/v2\/posts"}],"about":[{"href":"https:\/\/elmundodelosnegocios.com.do\/v1\/wp-json\/wp\/v2\/types\/post"}],"author":[{"embeddable":true,"href":"https:\/\/elmundodelosnegocios.com.do\/v1\/wp-json\/wp\/v2\/users\/2"}],"replies":[{"embeddable":true,"href":"https:\/\/elmundodelosnegocios.com.do\/v1\/wp-json\/wp\/v2\/comments?post=24057"}],"version-history":[{"count":0,"href":"https:\/\/elmundodelosnegocios.com.do\/v1\/wp-json\/wp\/v2\/posts\/24057\/revisions"}],"wp:featuredmedia":[{"embeddable":true,"href":"https:\/\/elmundodelosnegocios.com.do\/v1\/wp-json\/wp\/v2\/media\/24058"}],"wp:attachment":[{"href":"https:\/\/elmundodelosnegocios.com.do\/v1\/wp-json\/wp\/v2\/media?parent=24057"}],"wp:term":[{"taxonomy":"category","embeddable":true,"href":"https:\/\/elmundodelosnegocios.com.do\/v1\/wp-json\/wp\/v2\/categories?post=24057"},{"taxonomy":"post_tag","embeddable":true,"href":"https:\/\/elmundodelosnegocios.com.do\/v1\/wp-json\/wp\/v2\/tags?post=24057"}],"curies":[{"name":"wp","href":"https:\/\/api.w.org\/{rel}","templated":true}]}}