{"id":24099,"date":"2022-11-24T07:18:33","date_gmt":"2022-11-24T11:48:33","guid":{"rendered":"https:\/\/elmundodelosnegocios.com.do\/v1\/?p=24099"},"modified":"2022-11-24T07:18:35","modified_gmt":"2022-11-24T11:48:35","slug":"designan-senador-dodd-como-asesor-presidencial-especial-para-las-americas","status":"publish","type":"post","link":"https:\/\/elmundodelosnegocios.com.do\/v1\/designan-senador-dodd-como-asesor-presidencial-especial-para-las-americas\/","title":{"rendered":"Designan Senador Dodd como Asesor Presidencial Especial para las Am\u00e9ricas"},"content":{"rendered":"\n<p><strong>Washington, D.C.<\/strong>, Departamento de Estado de EE. UU., Oficina del Portavoz<br>Declaraci\u00f3n del portavoz Ned Price, portavoz del Departamento,18 de noviembre 2022.-<\/p>\n\n\n\n<p>El senador Chris Dodd se desempe\u00f1ar\u00e1 como asesor presidencial especial para las Am\u00e9ricas, tras su funci\u00f3n como asesor especial en la Novena Cumbre de las Am\u00e9ricas que tuvo lugar en junio en Los \u00c1ngeles.&nbsp;El senador Dodd contribuir\u00e1 a promover la implementaci\u00f3n de importantes iniciativas que el presidente Biden anunci\u00f3 en la Cumbre de las Am\u00e9ricas en Los \u00c1ngeles, y que contemplan desde la cooperaci\u00f3n en materia econ\u00f3mica, la migraci\u00f3n, la salud, los derechos humanos, la seguridad alimentaria y otras prioridades. Tambi\u00e9n apoyar\u00e1 el trabajo que actualmente impulsan la vicepresidenta Harris, el Departamento de Estado, el Departamento de Seguridad Nacional, USAID y otros actores. Asimismo, asistir\u00e1 en los preparativos para la pr\u00f3xima Cumbre de Ciudades de las Am\u00e9ricas que se desarrollar\u00e1 en el mes de abril de 2023 en Denver.<\/p>\n\n\n\n<p>Durante sus d\u00e9cadas de trayectoria dedicadas a la funci\u00f3n p\u00fablica, empezando como voluntario del Cuerpo de Paz en la Rep\u00fablica Dominicana y en su paso por el Subcomit\u00e9 de Relaciones Exteriores para el Hemisferio Occidental del Senado, el senador Dodd se ha forjado la confianza de muchos de nuestros socios en el hemisferio occidental. Cuenta con aptitudes \u00fanicas para seguir transmitiendo el mensaje que expres\u00f3 el presidente Biden en la Cumbre de las Am\u00e9ricas de que los pa\u00edses del hemisferio deben responder juntos a los desaf\u00edos que enfrentamos en com\u00fan, actuando de manera coordinada, para forjar un futuro de sostenibilidad, resiliencia y equidad para las personas en las Am\u00e9ricas.<\/p>\n","protected":false},"excerpt":{"rendered":"<p>Washington, D.C., Departamento de Estado de EE. UU., Oficina del PortavozDeclaraci\u00f3n del portavoz Ned Price, portavoz del Departamento,18 de noviembre 2022.- El senador Chris Dodd se desempe\u00f1ar\u00e1 como asesor presidencial&hellip; <\/p>\n","protected":false},"author":2,"featured_media":24100,"comment_status":"closed","ping_status":"closed","sticky":false,"template":"","format":"standard","meta":{"fifu_image_url":"","fifu_image_alt":"","footnotes":""},"categories":[231],"tags":[],"class_list":["post-24099","post","type-post","status-publish","format-standard","has-post-thumbnail","hentry","category-politica"],"_links":{"self":[{"href":"https:\/\/elmundodelosnegocios.com.do\/v1\/wp-json\/wp\/v2\/posts\/24099","targetHints":{"allow":["GET"]}}],"collection":[{"href":"https:\/\/elmundodelosnegocios.com.do\/v1\/wp-json\/wp\/v2\/posts"}],"about":[{"href":"https:\/\/elmundodelosnegocios.com.do\/v1\/wp-json\/wp\/v2\/types\/post"}],"author":[{"embeddable":true,"href":"https:\/\/elmundodelosnegocios.com.do\/v1\/wp-json\/wp\/v2\/users\/2"}],"replies":[{"embeddable":true,"href":"https:\/\/elmundodelosnegocios.com.do\/v1\/wp-json\/wp\/v2\/comments?post=24099"}],"version-history":[{"count":0,"href":"https:\/\/elmundodelosnegocios.com.do\/v1\/wp-json\/wp\/v2\/posts\/24099\/revisions"}],"wp:featuredmedia":[{"embeddable":true,"href":"https:\/\/elmundodelosnegocios.com.do\/v1\/wp-json\/wp\/v2\/media\/24100"}],"wp:attachment":[{"href":"https:\/\/elmundodelosnegocios.com.do\/v1\/wp-json\/wp\/v2\/media?parent=24099"}],"wp:term":[{"taxonomy":"category","embeddable":true,"href":"https:\/\/elmundodelosnegocios.com.do\/v1\/wp-json\/wp\/v2\/categories?post=24099"},{"taxonomy":"post_tag","embeddable":true,"href":"https:\/\/elmundodelosnegocios.com.do\/v1\/wp-json\/wp\/v2\/tags?post=24099"}],"curies":[{"name":"wp","href":"https:\/\/api.w.org\/{rel}","templated":true}]}}