{"id":24122,"date":"2022-11-24T20:59:02","date_gmt":"2022-11-25T01:29:02","guid":{"rendered":"https:\/\/elmundodelosnegocios.com.do\/v1\/?p=24122"},"modified":"2022-11-24T20:59:04","modified_gmt":"2022-11-25T01:29:04","slug":"banco-central-enciende-su-arbol-de-navidad-ante-la-perspectiva-de-un-2023-que-consolide-el-crecimiento-economico-en-rd","status":"publish","type":"post","link":"https:\/\/elmundodelosnegocios.com.do\/v1\/banco-central-enciende-su-arbol-de-navidad-ante-la-perspectiva-de-un-2023-que-consolide-el-crecimiento-economico-en-rd\/","title":{"rendered":"Banco Central enciende su \u00e1rbol de Navidad ante la perspectiva de un 2023 que consolide el crecimiento econ\u00f3mico en RD"},"content":{"rendered":"\n<p>Santo Domingo. Rep\u00fablica Dominicana.&nbsp;El gobernador del Banco Central de la Rep\u00fablica Dominicana (BCRD), H\u00e9ctor Valdez Albizu, encabez\u00f3, junto a su esposa, Fiordaliza Mart\u00ednez de Valdez, la tradicional ceremonia del encendido del \u00e1rbol de la Navidad y el Nacimiento o Pesebre de la instituci\u00f3n, un encuentro que congrega a bancentralianos en un ambiente familiar y de armon\u00eda, que refleja el esp\u00edritu de paz y agradecimiento propio de estas fechas navide\u00f1as.<\/p>\n\n\n\n<figure class=\"wp-block-gallery has-nested-images columns-default is-cropped wp-block-gallery-1 is-layout-flex wp-block-gallery-is-layout-flex\">\n<figure class=\"wp-block-image size-large\"><a href=\"https:\/\/elmundodelosnegocios.com.do\/v1\/wp-content\/uploads\/2022\/11\/01-7.jpg\"><img loading=\"lazy\" decoding=\"async\" width=\"850\" height=\"567\" data-id=\"24124\" src=\"https:\/\/elmundodelosnegocios.com.do\/v1\/wp-content\/uploads\/2022\/11\/01-7.jpg\" alt=\"\" class=\"wp-image-24124\" srcset=\"https:\/\/elmundodelosnegocios.com.do\/v1\/wp-content\/uploads\/2022\/11\/01-7.jpg 850w, https:\/\/elmundodelosnegocios.com.do\/v1\/wp-content\/uploads\/2022\/11\/01-7-300x200.jpg 300w, https:\/\/elmundodelosnegocios.com.do\/v1\/wp-content\/uploads\/2022\/11\/01-7-768x512.jpg 768w\" sizes=\"auto, (max-width: 850px) 100vw, 850px\" \/><\/a><\/figure>\n\n\n\n<figure class=\"wp-block-image size-large\"><a href=\"https:\/\/elmundodelosnegocios.com.do\/v1\/wp-content\/uploads\/2022\/11\/1-1-14.jpg\"><img loading=\"lazy\" decoding=\"async\" width=\"850\" height=\"567\" data-id=\"24123\" src=\"https:\/\/elmundodelosnegocios.com.do\/v1\/wp-content\/uploads\/2022\/11\/1-1-14.jpg\" alt=\"\" class=\"wp-image-24123\" srcset=\"https:\/\/elmundodelosnegocios.com.do\/v1\/wp-content\/uploads\/2022\/11\/1-1-14.jpg 850w, https:\/\/elmundodelosnegocios.com.do\/v1\/wp-content\/uploads\/2022\/11\/1-1-14-300x200.jpg 300w, https:\/\/elmundodelosnegocios.com.do\/v1\/wp-content\/uploads\/2022\/11\/1-1-14-768x512.jpg 768w\" sizes=\"auto, (max-width: 850px) 100vw, 850px\" \/><\/a><\/figure>\n<\/figure>\n\n\n\n<p>Valdez Albizu expres\u00f3 en sus palabras previas a la iluminaci\u00f3n el agradecimiento al Se\u00f1or por habernos ayudado a superar las adversidades que en estos \u00faltimos a\u00f1os se han presentado y han puesto a prueba a los dominicanos, manifestando su confianza en un 2023 de crecimiento y estabilidad econ\u00f3mica.<\/p>\n\n\n\n<p>\u201cCelebramos la dicha de poder honrar este s\u00edmbolo entra\u00f1able que nos llena de gozo, que ilumina al Banco Central y tambi\u00e9n a nuestros corazones. Deseo que cada uno de ustedes tenga una estrella que los ilumine y los conduzca por los senderos del bien, una luz que los inspire y los anime a realizar obras por el progreso de todos, por la paz de todos\u201d, dijo.<\/p>\n\n\n\n<p>El encendido del \u00e1rbol de Navidad congrega a funcionarios, empleados y pensionados con sus familias en una actividad donde se vive con sincero aprecio el compa\u00f1erismo y el afecto entre seres queridos.<\/p>\n\n\n\n<p>Durante la velada, el gobernador estuvo acompa\u00f1ado, adem\u00e1s de su esposa, por su hijo H\u00e9ctor Manuel Valdez y su nuera Bego\u00f1a Goicochea de Valdez; la vicegobernadora, Clarissa de la Rocha de Torres; el gerente, Ervin Novas Bello; el contralor, Jos\u00e9 Taveras Lay; el subgerente general, Frank Monta\u00f1o; los subgerentes Joel Tejeda, Roberto Pelliccione, Manuel G\u00f3mez Copello, Fabiola Herrera y Jos\u00e9 Alc\u00e1ntara Alm\u00e1nzar; el asesor de la Gobernaci\u00f3n, Julio And\u00fajar; entre otros funcionarios, empleados, familiares y allegados a la instituci\u00f3n.<\/p>\n","protected":false},"excerpt":{"rendered":"<p>Santo Domingo. Rep\u00fablica Dominicana.&nbsp;El gobernador del Banco Central de la Rep\u00fablica Dominicana (BCRD), H\u00e9ctor Valdez Albizu, encabez\u00f3, junto a su esposa, Fiordaliza Mart\u00ednez de Valdez, la tradicional ceremonia del encendido&hellip; <\/p>\n","protected":false},"author":2,"featured_media":24124,"comment_status":"closed","ping_status":"closed","sticky":false,"template":"","format":"standard","meta":{"fifu_image_url":"","fifu_image_alt":"","footnotes":""},"categories":[256],"tags":[],"class_list":["post-24122","post","type-post","status-publish","format-standard","has-post-thumbnail","hentry","category-sociedad"],"_links":{"self":[{"href":"https:\/\/elmundodelosnegocios.com.do\/v1\/wp-json\/wp\/v2\/posts\/24122","targetHints":{"allow":["GET"]}}],"collection":[{"href":"https:\/\/elmundodelosnegocios.com.do\/v1\/wp-json\/wp\/v2\/posts"}],"about":[{"href":"https:\/\/elmundodelosnegocios.com.do\/v1\/wp-json\/wp\/v2\/types\/post"}],"author":[{"embeddable":true,"href":"https:\/\/elmundodelosnegocios.com.do\/v1\/wp-json\/wp\/v2\/users\/2"}],"replies":[{"embeddable":true,"href":"https:\/\/elmundodelosnegocios.com.do\/v1\/wp-json\/wp\/v2\/comments?post=24122"}],"version-history":[{"count":0,"href":"https:\/\/elmundodelosnegocios.com.do\/v1\/wp-json\/wp\/v2\/posts\/24122\/revisions"}],"wp:featuredmedia":[{"embeddable":true,"href":"https:\/\/elmundodelosnegocios.com.do\/v1\/wp-json\/wp\/v2\/media\/24124"}],"wp:attachment":[{"href":"https:\/\/elmundodelosnegocios.com.do\/v1\/wp-json\/wp\/v2\/media?parent=24122"}],"wp:term":[{"taxonomy":"category","embeddable":true,"href":"https:\/\/elmundodelosnegocios.com.do\/v1\/wp-json\/wp\/v2\/categories?post=24122"},{"taxonomy":"post_tag","embeddable":true,"href":"https:\/\/elmundodelosnegocios.com.do\/v1\/wp-json\/wp\/v2\/tags?post=24122"}],"curies":[{"name":"wp","href":"https:\/\/api.w.org\/{rel}","templated":true}]}}