{"id":24154,"date":"2022-11-27T12:56:22","date_gmt":"2022-11-27T17:26:22","guid":{"rendered":"https:\/\/elmundodelosnegocios.com.do\/v1\/?p=24154"},"modified":"2022-11-27T12:56:24","modified_gmt":"2022-11-27T17:26:24","slug":"banco-central-dona-libros-de-su-coleccion-bibliografica-a-75-bibliotecas-publicas","status":"publish","type":"post","link":"https:\/\/elmundodelosnegocios.com.do\/v1\/banco-central-dona-libros-de-su-coleccion-bibliografica-a-75-bibliotecas-publicas\/","title":{"rendered":"Banco Central dona libros de su colecci\u00f3n bibliogr\u00e1fica a 75 bibliotecas p\u00fablicas"},"content":{"rendered":"\n<p>La donaci\u00f3n, realizada en coordinaci\u00f3n con el Ministerio de Cultura y la Biblioteca Nacional Pedro Henr\u00edquez Ure\u00f1a, fue destinada a bibliotecas universitarias, municipales, culturales, centros de estudios y liceos p\u00fablicos.<\/p>\n\n\n\n<p>Santo Domingo. Rep\u00fablica Dominicana.&nbsp;El Banco Central de la Rep\u00fablica Dominicana (BCRD), en el marco de las actividades de conmemoraci\u00f3n de su 75 aniversario, hizo una donaci\u00f3n de 125 libros (un ejemplar por cada t\u00edtulo) de su colecci\u00f3n bibliogr\u00e1fica a 75 centros integrados en la Red Nacional de Bibliotecas P\u00fablicas.<\/p>\n\n\n\n<figure class=\"wp-block-gallery has-nested-images columns-default is-cropped wp-block-gallery-1 is-layout-flex wp-block-gallery-is-layout-flex\">\n<figure class=\"wp-block-image size-large\"><a href=\"https:\/\/elmundodelosnegocios.com.do\/v1\/wp-content\/uploads\/2022\/11\/7-1.jpg\"><img loading=\"lazy\" decoding=\"async\" width=\"1024\" height=\"649\" data-id=\"24156\" src=\"https:\/\/elmundodelosnegocios.com.do\/v1\/wp-content\/uploads\/2022\/11\/7-1-1024x649.jpg\" alt=\"\" class=\"wp-image-24156\" srcset=\"https:\/\/elmundodelosnegocios.com.do\/v1\/wp-content\/uploads\/2022\/11\/7-1-1024x649.jpg 1024w, https:\/\/elmundodelosnegocios.com.do\/v1\/wp-content\/uploads\/2022\/11\/7-1-300x190.jpg 300w, https:\/\/elmundodelosnegocios.com.do\/v1\/wp-content\/uploads\/2022\/11\/7-1-768x487.jpg 768w, https:\/\/elmundodelosnegocios.com.do\/v1\/wp-content\/uploads\/2022\/11\/7-1-1536x974.jpg 1536w, https:\/\/elmundodelosnegocios.com.do\/v1\/wp-content\/uploads\/2022\/11\/7-1-2048x1299.jpg 2048w\" sizes=\"auto, (max-width: 1024px) 100vw, 1024px\" \/><\/a><\/figure>\n\n\n\n<figure class=\"wp-block-image size-large\"><a href=\"https:\/\/elmundodelosnegocios.com.do\/v1\/wp-content\/uploads\/2022\/11\/8-1.jpg\"><img loading=\"lazy\" decoding=\"async\" width=\"1024\" height=\"683\" data-id=\"24155\" src=\"https:\/\/elmundodelosnegocios.com.do\/v1\/wp-content\/uploads\/2022\/11\/8-1-1024x683.jpg\" alt=\"\" class=\"wp-image-24155\" srcset=\"https:\/\/elmundodelosnegocios.com.do\/v1\/wp-content\/uploads\/2022\/11\/8-1-1024x683.jpg 1024w, https:\/\/elmundodelosnegocios.com.do\/v1\/wp-content\/uploads\/2022\/11\/8-1-300x200.jpg 300w, https:\/\/elmundodelosnegocios.com.do\/v1\/wp-content\/uploads\/2022\/11\/8-1-768x512.jpg 768w, https:\/\/elmundodelosnegocios.com.do\/v1\/wp-content\/uploads\/2022\/11\/8-1-1536x1025.jpg 1536w, https:\/\/elmundodelosnegocios.com.do\/v1\/wp-content\/uploads\/2022\/11\/8-1.jpg 1800w\" sizes=\"auto, (max-width: 1024px) 100vw, 1024px\" \/><\/a><\/figure>\n<\/figure>\n\n\n\n<p>La contribuci\u00f3n, realizada en coordinaci\u00f3n con el Ministerio de Cultura y la Biblioteca Nacional Pedro Henr\u00edquez Ure\u00f1a, forma parte del compromiso del Banco Central con el crecimiento y desarrollo cultural de la naci\u00f3n. Los ejemplares ser\u00e1n entregados a bibliotecas universitarias, municipales, culturales, centros de estudios y liceos p\u00fablicos.<\/p>\n\n\n\n<p>El acto de entrega se realiz\u00f3 en el despacho del gobernador H\u00e9ctor Valdez Albizu, con la presencia de la ministra de Cultura, Milagros Germ\u00e1n. El gobernador expres\u00f3 que \u201cel Banco Central siempre ha considerado que su participaci\u00f3n en el enriquecimiento cultural y patrimonial de la Rep\u00fablica Dominicana es un deber institucional, el cual asum\u00ed fielmente desde que estoy al frente del BCRD, ya que constituye una parte esencial del crecimiento de la naci\u00f3n y de los avances sociales futuros\u201d.<\/p>\n\n\n\n<p>De su lado, la ministra Milagros Germ\u00e1n agradeci\u00f3 en nombre de su instituci\u00f3n el constante apoyo del Banco Central a un amplio abanico de expresiones art\u00edsticas y literarias dominicanas, as\u00ed como su contribuci\u00f3n al patrimonio cultural del pa\u00eds.<\/p>\n\n\n\n<p>El gobernador estuvo acompa\u00f1ado por la vicegobernadora Clarissa de la Rocha de Torres; el gerente Ervin Novas Bello; y el subgerente y director del Departamento Cultural Jos\u00e9 Alc\u00e1ntara Alm\u00e1nzar.<\/p>\n\n\n\n<p>Por su parte, asistieron con la ministra Germ\u00e1n, la directora general del Libro y la Lectura, \u00c1ngela Hern\u00e1ndez N\u00fa\u00f1ez; y el director de la Biblioteca Nacional Pedro Henr\u00edquez Ure\u00f1a, Rafael Peralta Romero.<\/p>\n","protected":false},"excerpt":{"rendered":"<p>La donaci\u00f3n, realizada en coordinaci\u00f3n con el Ministerio de Cultura y la Biblioteca Nacional Pedro Henr\u00edquez Ure\u00f1a, fue destinada a bibliotecas universitarias, municipales, culturales, centros de estudios y liceos p\u00fablicos.&hellip; <\/p>\n","protected":false},"author":2,"featured_media":24156,"comment_status":"closed","ping_status":"closed","sticky":false,"template":"","format":"standard","meta":{"fifu_image_url":"","fifu_image_alt":"","footnotes":""},"categories":[78],"tags":[],"class_list":["post-24154","post","type-post","status-publish","format-standard","has-post-thumbnail","hentry","category-con-responsabilidad"],"_links":{"self":[{"href":"https:\/\/elmundodelosnegocios.com.do\/v1\/wp-json\/wp\/v2\/posts\/24154","targetHints":{"allow":["GET"]}}],"collection":[{"href":"https:\/\/elmundodelosnegocios.com.do\/v1\/wp-json\/wp\/v2\/posts"}],"about":[{"href":"https:\/\/elmundodelosnegocios.com.do\/v1\/wp-json\/wp\/v2\/types\/post"}],"author":[{"embeddable":true,"href":"https:\/\/elmundodelosnegocios.com.do\/v1\/wp-json\/wp\/v2\/users\/2"}],"replies":[{"embeddable":true,"href":"https:\/\/elmundodelosnegocios.com.do\/v1\/wp-json\/wp\/v2\/comments?post=24154"}],"version-history":[{"count":0,"href":"https:\/\/elmundodelosnegocios.com.do\/v1\/wp-json\/wp\/v2\/posts\/24154\/revisions"}],"wp:featuredmedia":[{"embeddable":true,"href":"https:\/\/elmundodelosnegocios.com.do\/v1\/wp-json\/wp\/v2\/media\/24156"}],"wp:attachment":[{"href":"https:\/\/elmundodelosnegocios.com.do\/v1\/wp-json\/wp\/v2\/media?parent=24154"}],"wp:term":[{"taxonomy":"category","embeddable":true,"href":"https:\/\/elmundodelosnegocios.com.do\/v1\/wp-json\/wp\/v2\/categories?post=24154"},{"taxonomy":"post_tag","embeddable":true,"href":"https:\/\/elmundodelosnegocios.com.do\/v1\/wp-json\/wp\/v2\/tags?post=24154"}],"curies":[{"name":"wp","href":"https:\/\/api.w.org\/{rel}","templated":true}]}}