{"id":24207,"date":"2022-11-30T09:20:14","date_gmt":"2022-11-30T13:50:14","guid":{"rendered":"https:\/\/elmundodelosnegocios.com.do\/v1\/?p=24207"},"modified":"2022-11-30T09:20:16","modified_gmt":"2022-11-30T13:50:16","slug":"presidente-abinader-se-reune-con-comandante-del-comando-sur-ee-uu-general-laura-jane-richardson","status":"publish","type":"post","link":"https:\/\/elmundodelosnegocios.com.do\/v1\/presidente-abinader-se-reune-con-comandante-del-comando-sur-ee-uu-general-laura-jane-richardson\/","title":{"rendered":"Presidente Abinader se re\u00fane con comandante del Comando Sur EE.UU. general Laura Jane Richardson"},"content":{"rendered":"\n<p>Santo Domingo.-&nbsp;<strong>El Presidente Luis Abinader<\/strong>&nbsp;se reuni\u00f3 con la&nbsp;<strong>general Laura J. Richardson<\/strong>, comandante del Comando Sur de los Estados Unidos y abordaron los&nbsp;<strong>esfuerzos de cooperaci\u00f3n y seguridad entre ambas naciones<\/strong>.<\/p>\n\n\n\n<p>El encuentro tuvo lugar al t\u00e9rmino de la investidura de la&nbsp;<strong>Sexag\u00e9sima Primera Promoci\u00f3n de Cadetes<\/strong>&nbsp;del Ej\u00e9rcito de Rep\u00fablica Dominicana, en la Academia Militar Batalla de Las Carreras.<\/p>\n\n\n\n<p>Previamente,&nbsp;<strong>el vocero de la Presidencia, Homero Figueroa,<\/strong>&nbsp;explic\u00f3 que ser\u00edan tratados adem\u00e1s&nbsp;<strong>diversos temas<\/strong>, entre ellos las donaciones realizadas al<strong>&nbsp;<\/strong>pa\u00eds, como veh\u00edculos militares, barcos y hospitales m\u00f3viles; la integraci\u00f3n de g\u00e9nero; mujeres l\u00edderes; la paz y seguridad de la regi\u00f3n y eventos futuros en relaci\u00f3n con Fuerzas Comando 2023.<\/p>\n\n\n\n<p>El jefe de Estado estuvo acompa\u00f1ado por la plana mayor del Ministro de Defensa, teniente general Carlos Luciano D\u00edaz Morfa; el comandante general del Ej\u00e9rcito, mayor general Carlos Antonio Fern\u00e1ndez Onofre; de la Fuerza A\u00e9rea Dominicana, mayor general Carlos Ram\u00f3n Febrillet Rodr\u00edguez, y el comandante general de la Armada, vicealmirante Francisco Sosa Castillo.<\/p>\n","protected":false},"excerpt":{"rendered":"<p>Santo Domingo.-&nbsp;El Presidente Luis Abinader&nbsp;se reuni\u00f3 con la&nbsp;general Laura J. Richardson, comandante del Comando Sur de los Estados Unidos y abordaron los&nbsp;esfuerzos de cooperaci\u00f3n y seguridad entre ambas naciones. El&hellip; <\/p>\n","protected":false},"author":2,"featured_media":24208,"comment_status":"closed","ping_status":"closed","sticky":false,"template":"","format":"standard","meta":{"fifu_image_url":"","fifu_image_alt":"","footnotes":""},"categories":[254],"tags":[],"class_list":["post-24207","post","type-post","status-publish","format-standard","has-post-thumbnail","hentry","category-relaciones-internacionales"],"_links":{"self":[{"href":"https:\/\/elmundodelosnegocios.com.do\/v1\/wp-json\/wp\/v2\/posts\/24207","targetHints":{"allow":["GET"]}}],"collection":[{"href":"https:\/\/elmundodelosnegocios.com.do\/v1\/wp-json\/wp\/v2\/posts"}],"about":[{"href":"https:\/\/elmundodelosnegocios.com.do\/v1\/wp-json\/wp\/v2\/types\/post"}],"author":[{"embeddable":true,"href":"https:\/\/elmundodelosnegocios.com.do\/v1\/wp-json\/wp\/v2\/users\/2"}],"replies":[{"embeddable":true,"href":"https:\/\/elmundodelosnegocios.com.do\/v1\/wp-json\/wp\/v2\/comments?post=24207"}],"version-history":[{"count":0,"href":"https:\/\/elmundodelosnegocios.com.do\/v1\/wp-json\/wp\/v2\/posts\/24207\/revisions"}],"wp:featuredmedia":[{"embeddable":true,"href":"https:\/\/elmundodelosnegocios.com.do\/v1\/wp-json\/wp\/v2\/media\/24208"}],"wp:attachment":[{"href":"https:\/\/elmundodelosnegocios.com.do\/v1\/wp-json\/wp\/v2\/media?parent=24207"}],"wp:term":[{"taxonomy":"category","embeddable":true,"href":"https:\/\/elmundodelosnegocios.com.do\/v1\/wp-json\/wp\/v2\/categories?post=24207"},{"taxonomy":"post_tag","embeddable":true,"href":"https:\/\/elmundodelosnegocios.com.do\/v1\/wp-json\/wp\/v2\/tags?post=24207"}],"curies":[{"name":"wp","href":"https:\/\/api.w.org\/{rel}","templated":true}]}}