{"id":24210,"date":"2022-11-30T09:21:52","date_gmt":"2022-11-30T13:51:52","guid":{"rendered":"https:\/\/elmundodelosnegocios.com.do\/v1\/?p=24210"},"modified":"2022-11-30T09:21:55","modified_gmt":"2022-11-30T13:51:55","slug":"infotep-y-refidomsa-inician-trabajos-para-habilitar-moderno-centro-de-formacion-tecnico-profesional-en-haina","status":"publish","type":"post","link":"https:\/\/elmundodelosnegocios.com.do\/v1\/infotep-y-refidomsa-inician-trabajos-para-habilitar-moderno-centro-de-formacion-tecnico-profesional-en-haina\/","title":{"rendered":"INFOTEP y REFIDOMSA inician trabajos para habilitar moderno centro de formaci\u00f3n t\u00e9cnico-profesional en Haina"},"content":{"rendered":"\n<p>Haina. -El director general del Instituto Nacional de Formaci\u00f3n T\u00e9cnico Profesional (INFOTEP), Rafael Santos Bad\u00eda; el presidente de la Refiner\u00eda Dominicana de Petr\u00f3leo (REFIDOMSA), Leonardo Aguilera, y alcalde del municipio de Haina, Osvaldo Rodr\u00edguez,&nbsp;<strong>dejaron iniciados los trabajos<\/strong>&nbsp;de adecuaci\u00f3n de una edificaci\u00f3n de 2 niveles en hormig\u00f3n armado que dotar\u00e1 al municipio de Haina del&nbsp;<strong>nuevo Centro Tecnol\u00f3gico 4.0.<\/strong><\/p>\n\n\n\n<p>La estructura, que ser\u00e1 remodelada para habilitarla como centro de capacitaci\u00f3n, albergaba anteriormente oficinas administrativas del ingenio Haina y est\u00e1 ubicada en un terreno de 4,703.20 metros cuadrados y 1,483.84 metros cuadrados de construcci\u00f3n.<\/p>\n\n\n\n<p>Santos Bad\u00eda explic\u00f3 que, al finalizar la intervenci\u00f3n, el \u00e1rea estar\u00e1 adecuada para recibir a miles de j\u00f3venes que podr\u00e1n ser capacitados en diversas \u00e1reas t\u00e9cnicas, especialmente las tecnol\u00f3gicas.<\/p>\n\n\n\n<p><em>\u201cEsta iniciativa es parte del programa de expansi\u00f3n del INFOTEP, que cuenta con el apoyo del Gobierno Central y busca acercar a la gente las facilidades para que aprendan un oficio que les permita ser productivos, trabajar con conocimiento de alta calidad y ocupar plazas laborales con una remuneraci\u00f3n m\u00e1s ventajosa, porque estar\u00e1n preparados para empleos de alta tecnolog\u00eda\u201d,&nbsp;<\/em>afirm\u00f3.<\/p>\n\n\n\n<p>El director general del INFOTEP tambi\u00e9n dijo que, al finalizar los trabajos de adecuaci\u00f3n y equipamiento, estar\u00e1n habilitados los talleres de mecatr\u00f3nica, mec\u00e1nica automotriz, mec\u00e1nica industrial, electricidad, electr\u00f3nica, refrigeraci\u00f3n y aire acondicionado, inform\u00e1tica, ciberseguridad, redes y datos. Asimismo, se contempla impartir los programas tradicionales de capacitaci\u00f3n de la instituci\u00f3n en ingl\u00e9s.<\/p>\n\n\n\n<figure class=\"wp-block-image\"><img decoding=\"async\" src=\"https:\/\/presidencia.gob.do\/sites\/default\/files\/content\/B34F2C4F-400E-409B-BF8D-EF1166F09EB2.jpeg\" alt=\"\"\/><\/figure>\n\n\n\n<p>Por otro lado,&nbsp;<strong>Leonardo Aguilera<\/strong>&nbsp;dijo que, por instrucciones del Presidente Luis Abinader,&nbsp;<strong>REFIDOMSA proveer\u00e1 los fondos<\/strong>&nbsp;para habilitar y poner en condiciones el Centro Tecnol\u00f3gico 4.0 de Haina.<\/p>\n\n\n\n<p>&nbsp;<em>\u201cEl presidente me llam\u00f3 y me dijo que los j\u00f3venes de Haina necesitaban un centro de formaci\u00f3n y capacitaci\u00f3n del INFOTEP y que era necesario que REFIDOMSA proveyera los recursos, una muestra m\u00e1s de que el presidente est\u00e1 accionando para que este pa\u00eds avance, con una visi\u00f3n de desarrollo\u201d,<\/em>&nbsp;afirm\u00f3 el presidente de REFIDOMSA.<\/p>\n\n\n\n<p>De su lado, Osvaldo Rodr\u00edguez resalt\u00f3 la importancia que reviste para el progreso de la comunidad y de zonas aleda\u00f1as que los j\u00f3venes sean formados para trabajar en corto tiempo.<\/p>\n\n\n\n<p><em>\u201cLas capacitaciones que se impartir\u00e1n ser\u00e1n seg\u00fan la demanda de las empresas de la zona, para que cuando se termine un taller los egresados tengan una plaza de trabajo asegurada\u201d,<\/em>&nbsp;manifest\u00f3 el alcalde de Haina.<\/p>\n\n\n\n<p><strong>Fecha estimada de inauguraci\u00f3n<\/strong><\/p>\n\n\n\n<p>Santos Bad\u00eda explic\u00f3 que la fecha prevista para la&nbsp;<strong>inauguraci\u00f3n&nbsp;<\/strong>del centro es en&nbsp;<strong>agosto de 2023.<\/strong>&nbsp;Igualmente, dijo que el INFOTEP est\u00e1 en los preparativos para instalar un moderno Centro de Transporte y Log\u00edstica en Haina, como parte de un programa del Gobierno Central que incluye la construcci\u00f3n de 100,000 apartamentos del Plan Nacional de Vivienda Familia Feliz y una avenida de cuatro carriles que conecta con la circunvalaci\u00f3n, para desarrabalizar la zona.<\/p>\n\n\n\n<p><strong>Capacitaci\u00f3n constante en Haina<\/strong><\/p>\n\n\n\n<p>El INFOTEP, en el per\u00edodo 2020-2022 a solicitud de los comunitarios y las empresas instaladas en Haina, ha impartido&nbsp;<strong>m\u00e1s de 40 acciones formativas<\/strong>&nbsp;a 23,514 ciudadanos; 11,458 de los cuales son hombres y 12,056, mujeres.<\/p>\n\n\n\n<p>Dentro de las \u00e1reas formativas m\u00e1s demandadas est\u00e1n: administraci\u00f3n y gerencia, comercio, contabilidad, ingl\u00e9s, mantenimiento hospitalario, enfermer\u00eda, mantenimiento el\u00e9ctrico, cosmiatr\u00eda, entre otras ocupaciones.<\/p>\n","protected":false},"excerpt":{"rendered":"<p>Haina. -El director general del Instituto Nacional de Formaci\u00f3n T\u00e9cnico Profesional (INFOTEP), Rafael Santos Bad\u00eda; el presidente de la Refiner\u00eda Dominicana de Petr\u00f3leo (REFIDOMSA), Leonardo Aguilera, y alcalde del municipio&hellip; <\/p>\n","protected":false},"author":2,"featured_media":24211,"comment_status":"closed","ping_status":"closed","sticky":false,"template":"","format":"standard","meta":{"fifu_image_url":"","fifu_image_alt":"","footnotes":""},"categories":[151],"tags":[],"class_list":["post-24210","post","type-post","status-publish","format-standard","has-post-thumbnail","hentry","category-gerencia"],"_links":{"self":[{"href":"https:\/\/elmundodelosnegocios.com.do\/v1\/wp-json\/wp\/v2\/posts\/24210","targetHints":{"allow":["GET"]}}],"collection":[{"href":"https:\/\/elmundodelosnegocios.com.do\/v1\/wp-json\/wp\/v2\/posts"}],"about":[{"href":"https:\/\/elmundodelosnegocios.com.do\/v1\/wp-json\/wp\/v2\/types\/post"}],"author":[{"embeddable":true,"href":"https:\/\/elmundodelosnegocios.com.do\/v1\/wp-json\/wp\/v2\/users\/2"}],"replies":[{"embeddable":true,"href":"https:\/\/elmundodelosnegocios.com.do\/v1\/wp-json\/wp\/v2\/comments?post=24210"}],"version-history":[{"count":0,"href":"https:\/\/elmundodelosnegocios.com.do\/v1\/wp-json\/wp\/v2\/posts\/24210\/revisions"}],"wp:featuredmedia":[{"embeddable":true,"href":"https:\/\/elmundodelosnegocios.com.do\/v1\/wp-json\/wp\/v2\/media\/24211"}],"wp:attachment":[{"href":"https:\/\/elmundodelosnegocios.com.do\/v1\/wp-json\/wp\/v2\/media?parent=24210"}],"wp:term":[{"taxonomy":"category","embeddable":true,"href":"https:\/\/elmundodelosnegocios.com.do\/v1\/wp-json\/wp\/v2\/categories?post=24210"},{"taxonomy":"post_tag","embeddable":true,"href":"https:\/\/elmundodelosnegocios.com.do\/v1\/wp-json\/wp\/v2\/tags?post=24210"}],"curies":[{"name":"wp","href":"https:\/\/api.w.org\/{rel}","templated":true}]}}