{"id":24360,"date":"2022-12-08T03:01:07","date_gmt":"2022-12-08T07:31:07","guid":{"rendered":"https:\/\/elmundodelosnegocios.com.do\/v1\/index.php\/2022\/12\/08\/arajet-amplia-su-servicio-entre-santo-domingo-y-colombia\/"},"modified":"2022-12-08T03:01:07","modified_gmt":"2022-12-08T07:31:07","slug":"arajet-amplia-su-servicio-entre-santo-domingo-y-colombia","status":"publish","type":"post","link":"https:\/\/elmundodelosnegocios.com.do\/v1\/arajet-amplia-su-servicio-entre-santo-domingo-y-colombia\/","title":{"rendered":"Arajet ampl\u00eda su servicio entre Santo Domingo y Colombia"},"content":{"rendered":"<p>SANTO DOMINGO, Rep\u00fablica Dominicana&#8211;(BUSINESS WIRE)&#8211;Arajet, la aerol\u00ednea de bajo costo m\u00e1s flamante de la regi\u00f3n del Caribe, anunci\u00f3 hoy el inicio de sus operaciones a Medell\u00edn y Bogot\u00e1, con lo cual se convierte en la aerol\u00ednea l\u00edder entre Santo Domingo y Colombia. Arajet ofrece 4800 asientos semanales a Colombia, conectando Santo Domingo con vuelos punto a punto a Cali, Barranquilla, Cartagena, Medell\u00edn y Bogot\u00e1.<\/p>\n<p>Desde su lanzamiento en septiembre de 2022, ya m\u00e1s de 60.000 pasajeros han experimentado el servicio de Arajet a bordo de su flota de aviones Boeing 737MAX8 de \u00faltima generaci\u00f3n. Actualmente, la aerol\u00ednea llega a 18 destinos en 11 pa\u00edses de Norte, Centro, Sudam\u00e9rica y el Caribe.<\/p>\n<p>Arajet tiene vuelos sin escalas desde Santo Domingo a:<\/p>\n<p>Ciudad de M\u00e9xico, Monterrey y Canc\u00fan, M\u00e9xico<\/p>\n<p>San Salvador, El Salvador<\/p>\n<p>San Jos\u00e9, Costa Rica<\/p>\n<p>Ciudad de Guatemala, Guatemala<\/p>\n<p>Cali, Barranquilla, Cartagena, Medell\u00edn y Bogot\u00e1, Colombia<\/p>\n<p>Lima, Per\u00fa<\/p>\n<p>Quito y Guayaquil en Ecuador<\/p>\n<p>Saint Marteen, Aruba, Curazao y Jamaica en el Caribe<\/p>\n<p>\u00abNos llena de orgullo poder ampliar nuestros servicios a Colombia\u00bb, coment\u00f3 al respecto V\u00edctor Pacheco, director general y fundador de Arajet. \u00abEstamos convencidos de que los lazos comerciales y tur\u00edsticos entre Rep\u00fablica Dominicana y Colombia aumentar\u00e1n en los pr\u00f3ximos a\u00f1os, para beneficio de miles de latinoamericanos, y esto consolidar\u00e1 nuestra misi\u00f3n de democratizar los cielos de la regi\u00f3n\u00bb.<\/p>\n<p>Seg\u00fan la Asociaci\u00f3n Colombiana de Agencias de Viajes y Turismo, ANATO, la Rep\u00fablica Dominicana se encuentra entre los 10 destinos preferidos por los colombianos a la hora de vacacionar. Adem\u00e1s, en 2022, la cifra de viajeros colombianos a Rep\u00fablica Dominicana trep\u00f3 un 154%.<\/p>\n<p>\u00abLa Rep\u00fablica Dominicana lidera la recuperaci\u00f3n del turismo en el mundo tras la pandemia y Arajet se enorgullece de poder contribuir con m\u00e1s opciones para que los turistas de las Am\u00e9ricas vengan a Santo Domingo y visiten destinos paradis\u00edacos cercanos como Punta Cana, Puerto Plata, Saman\u00e1 o Bayahibe\u00bb, agreg\u00f3 Pacheco. \u00abEstamos muy orgullosos de llevar la bandera dominicana y llevar la calidez distintiva y la alegr\u00eda de vivir de nuestra gente a los cielos de las Am\u00e9ricas\u00bb.<\/p>\n<p>Arajet present\u00f3 recientemente Arabonito, un bono corporativo que puede ser utilizado por las empresas para demostrarles su agradecimiento a sus colaboradores o celebrar \u00e9xitos permiti\u00e9ndoles comprar boletos de avi\u00f3n o servicios en www.arajet.com<\/p>\n<p>Acerca de Arajet<\/p>\n<p>Arajet es la primera aerol\u00ednea de tarifas bajas de la regi\u00f3n del Caribe y comenz\u00f3 a operar en septiembre de 2022 desde su base en el Aeropuerto de Las Am\u00e9ricas en Santo Domingo, luego de recibir el certificado de operador a\u00e9reo (OA) de la Rep\u00fablica Dominicana. Arajet operar\u00e1 una nueva flota de aviones Boeing 737MAX-8 que ofrecen viajes seguros y econ\u00f3micos desde y hacia la Rep\u00fablica Dominicana a varios destinos en Am\u00e9rica del Norte, Central y del Sur y la regi\u00f3n del Caribe. Para m\u00e1s informaci\u00f3n, visite www.Arajet.com.<\/p>\n<p>El texto original en el idioma fuente de este comunicado es la versi\u00f3n oficial autorizada. Las traducciones solo se suministran como adaptaci\u00f3n y deben cotejarse con el texto en el idioma fuente, que es la \u00fanica versi\u00f3n del texto que tendr\u00e1 un efecto legal.<br \/>\n Contacts<br \/>\nPrensa:<br \/>\nGeraldine Villasmil, gerente de comunicacionesGeraldine.Villasmil@arajet.com<\/p>\n","protected":false},"excerpt":{"rendered":"<p>SANTO DOMINGO, Rep\u00fablica Dominicana&#8211;(BUSINESS WIRE)&#8211;Arajet, la aerol\u00ednea de bajo costo m\u00e1s flamante de la regi\u00f3n del Caribe, anunci\u00f3 hoy el inicio de sus operaciones a Medell\u00edn y Bogot\u00e1, con lo&hellip; <\/p>\n","protected":false},"author":2,"featured_media":24361,"comment_status":"closed","ping_status":"closed","sticky":false,"template":"","format":"standard","meta":{"fifu_image_url":"","fifu_image_alt":"","footnotes":""},"categories":[252],"tags":[253],"class_list":["post-24360","post","type-post","status-publish","format-standard","has-post-thumbnail","hentry","category-business-wire","tag-business-wire"],"_links":{"self":[{"href":"https:\/\/elmundodelosnegocios.com.do\/v1\/wp-json\/wp\/v2\/posts\/24360","targetHints":{"allow":["GET"]}}],"collection":[{"href":"https:\/\/elmundodelosnegocios.com.do\/v1\/wp-json\/wp\/v2\/posts"}],"about":[{"href":"https:\/\/elmundodelosnegocios.com.do\/v1\/wp-json\/wp\/v2\/types\/post"}],"author":[{"embeddable":true,"href":"https:\/\/elmundodelosnegocios.com.do\/v1\/wp-json\/wp\/v2\/users\/2"}],"replies":[{"embeddable":true,"href":"https:\/\/elmundodelosnegocios.com.do\/v1\/wp-json\/wp\/v2\/comments?post=24360"}],"version-history":[{"count":0,"href":"https:\/\/elmundodelosnegocios.com.do\/v1\/wp-json\/wp\/v2\/posts\/24360\/revisions"}],"wp:featuredmedia":[{"embeddable":true,"href":"https:\/\/elmundodelosnegocios.com.do\/v1\/wp-json\/wp\/v2\/media\/24361"}],"wp:attachment":[{"href":"https:\/\/elmundodelosnegocios.com.do\/v1\/wp-json\/wp\/v2\/media?parent=24360"}],"wp:term":[{"taxonomy":"category","embeddable":true,"href":"https:\/\/elmundodelosnegocios.com.do\/v1\/wp-json\/wp\/v2\/categories?post=24360"},{"taxonomy":"post_tag","embeddable":true,"href":"https:\/\/elmundodelosnegocios.com.do\/v1\/wp-json\/wp\/v2\/tags?post=24360"}],"curies":[{"name":"wp","href":"https:\/\/api.w.org\/{rel}","templated":true}]}}