{"id":24363,"date":"2022-12-08T18:57:02","date_gmt":"2022-12-08T23:27:02","guid":{"rendered":"https:\/\/elmundodelosnegocios.com.do\/v1\/?p=24363"},"modified":"2022-12-08T18:57:04","modified_gmt":"2022-12-08T23:27:04","slug":"reconocen-programa-de-becas-excelencia-popular-como-practica-prometedora","status":"publish","type":"post","link":"https:\/\/elmundodelosnegocios.com.do\/v1\/reconocen-programa-de-becas-excelencia-popular-como-practica-prometedora\/","title":{"rendered":"Reconocen programa de becas \u201cExcelencia Popular\u201d como \u201cpr\u00e1ctica prometedora\u201d"},"content":{"rendered":"\n<h2 class=\"wp-block-heading\">Genera impactos significativos en estudiantes y sociedad, seg\u00fan CONEP y PNUD<\/h2>\n\n\n\n<p>\u200b<\/p>\n\n\n\n<p>Santo Domingo, D.N. \u2013 El Consejo Nacional de la Empresa Privada (CONEP) y el Programa de las Naciones Unidas para el Desarrollo (PNUD) galardonaron el&nbsp;<a href=\"https:\/\/www.popularenlinea.com\/excelenciapopular\" target=\"_blank\" rel=\"noreferrer noopener\">programa de becas \u201cExcelencia Popular\u00bb\u200b<\/a>, del Banco Popular Dominicano, en la tercera edici\u00f3n del programa de reconocimiento \u201cPr\u00e1cticas Prometedoras\u00bb, en el marco de la iniciativa \u201cEmpresas Sostenibles RD\u00bb.<\/p>\n\n\n\n<figure class=\"wp-block-gallery has-nested-images columns-2 is-cropped wp-block-gallery-1 is-layout-flex wp-block-gallery-is-layout-flex\">\n<figure class=\"wp-block-image size-medium\"><a href=\"https:\/\/elmundodelosnegocios.com.do\/v1\/wp-content\/uploads\/2022\/12\/1-DSC05765.jpg\"><img loading=\"lazy\" decoding=\"async\" width=\"300\" height=\"159\" data-id=\"24364\" src=\"https:\/\/elmundodelosnegocios.com.do\/v1\/wp-content\/uploads\/2022\/12\/1-DSC05765-300x159.jpg\" alt=\"\" class=\"wp-image-24364\" srcset=\"https:\/\/elmundodelosnegocios.com.do\/v1\/wp-content\/uploads\/2022\/12\/1-DSC05765-300x159.jpg 300w, https:\/\/elmundodelosnegocios.com.do\/v1\/wp-content\/uploads\/2022\/12\/1-DSC05765-768x407.jpg 768w, https:\/\/elmundodelosnegocios.com.do\/v1\/wp-content\/uploads\/2022\/12\/1-DSC05765.jpg 850w\" sizes=\"auto, (max-width: 300px) 100vw, 300px\" \/><\/a><\/figure>\n\n\n\n<figure class=\"wp-block-image size-medium\"><a href=\"https:\/\/elmundodelosnegocios.com.do\/v1\/wp-content\/uploads\/2022\/12\/2-DSC05979.jpg\"><img loading=\"lazy\" decoding=\"async\" width=\"300\" height=\"159\" data-id=\"24365\" src=\"https:\/\/elmundodelosnegocios.com.do\/v1\/wp-content\/uploads\/2022\/12\/2-DSC05979-300x159.jpg\" alt=\"\" class=\"wp-image-24365\" srcset=\"https:\/\/elmundodelosnegocios.com.do\/v1\/wp-content\/uploads\/2022\/12\/2-DSC05979-300x159.jpg 300w, https:\/\/elmundodelosnegocios.com.do\/v1\/wp-content\/uploads\/2022\/12\/2-DSC05979-768x407.jpg 768w, https:\/\/elmundodelosnegocios.com.do\/v1\/wp-content\/uploads\/2022\/12\/2-DSC05979.jpg 850w\" sizes=\"auto, (max-width: 300px) 100vw, 300px\" \/><\/a><\/figure>\n\n\n\n<figure class=\"wp-block-image size-medium\"><a href=\"https:\/\/elmundodelosnegocios.com.do\/v1\/wp-content\/uploads\/2022\/12\/3-DSC05988.jpg\"><img loading=\"lazy\" decoding=\"async\" width=\"300\" height=\"159\" data-id=\"24367\" src=\"https:\/\/elmundodelosnegocios.com.do\/v1\/wp-content\/uploads\/2022\/12\/3-DSC05988-300x159.jpg\" alt=\"\" class=\"wp-image-24367\" srcset=\"https:\/\/elmundodelosnegocios.com.do\/v1\/wp-content\/uploads\/2022\/12\/3-DSC05988-300x159.jpg 300w, https:\/\/elmundodelosnegocios.com.do\/v1\/wp-content\/uploads\/2022\/12\/3-DSC05988-768x407.jpg 768w, https:\/\/elmundodelosnegocios.com.do\/v1\/wp-content\/uploads\/2022\/12\/3-DSC05988.jpg 850w\" sizes=\"auto, (max-width: 300px) 100vw, 300px\" \/><\/a><\/figure>\n\n\n\n<figure class=\"wp-block-image size-medium\"><a href=\"https:\/\/elmundodelosnegocios.com.do\/v1\/wp-content\/uploads\/2022\/12\/4-DSC06038.jpg\"><img loading=\"lazy\" decoding=\"async\" width=\"300\" height=\"159\" data-id=\"24366\" src=\"https:\/\/elmundodelosnegocios.com.do\/v1\/wp-content\/uploads\/2022\/12\/4-DSC06038-300x159.jpg\" alt=\"\" class=\"wp-image-24366\" srcset=\"https:\/\/elmundodelosnegocios.com.do\/v1\/wp-content\/uploads\/2022\/12\/4-DSC06038-300x159.jpg 300w, https:\/\/elmundodelosnegocios.com.do\/v1\/wp-content\/uploads\/2022\/12\/4-DSC06038-768x407.jpg 768w, https:\/\/elmundodelosnegocios.com.do\/v1\/wp-content\/uploads\/2022\/12\/4-DSC06038.jpg 850w\" sizes=\"auto, (max-width: 300px) 100vw, 300px\" \/><\/a><\/figure>\n<\/figure>\n\n\n\n<p>Esta premiaci\u00f3n resalta las contribuciones en favor de la sostenibilidad de las empresas, reflejando su compromiso para generar progreso colectivo en los beneficiarios directos y la sociedad mediante la creaci\u00f3n de oportunidades, el fomento del trabajo decente y la preservaci\u00f3n de los recursos naturales, aline\u00e1ndose al cumplimiento de los Objetivos de Desarrollo Sostenible (ODS).<\/p>\n\n\n\n<p><strong>Inclusi\u00f3n educativa para j\u00f3venes meritorios<\/strong><\/p>\n\n\n\n<p>El programa de becas \u201cExcelencia Popular\u00bb fue seleccionado como una pr\u00e1ctica prometedora por su capacidad de generar oportunidades de inclusi\u00f3n educativa para j\u00f3venes meritorios de escasos recursos. Est\u00e1 alineado a los ODS n\u00famero 4 (educaci\u00f3n de calidad), n\u00famero 5 (igualdad de g\u00e9nero), n\u00famero 8 (trabajo decente y crecimiento econ\u00f3mico) y n\u00famero 10 (reducci\u00f3n de desigualdades).<\/p>\n\n\n\n<p>Este programa de becas es actualmente el m\u00e1s amplio del sector financiero de la Rep\u00fablica Dominicana, beneficiando desde el a\u00f1o 2012 a m\u00e1s de 520 participantes, entre egresados y actuales becados, siendo el 61% mujeres. Adem\u00e1s de cubrir el 100% de los gastos educativos, los estudiantes reciben formaci\u00f3n complementaria sobre finanzas personales, emprendimiento, cultura digital y habilidades blandas.<\/p>\n\n\n\n<p>El 75% de los egresados de \u201cExcelencia Popular\u00bb est\u00e1 laborando actualmente, algunos en las diferentes filiales del Grupo Popular, alcanzando inclusive posiciones gerenciales, tras haber demostrado su val\u00eda como profesionales y como personas de valores, comprometidas a generar impactos favorables en su entorno comunitario y familiar.&nbsp;<\/p>\n\n\n\n<p>El se\u00f1or Jos\u00e9 M\u00e1rmol, vicepresidente ejecutivo de Comunicaciones Corporativas, Reputaci\u00f3n y Banca Responsable, en sus palabras al recibir el premio en nombre de la organizaci\u00f3n financiera, se\u00f1al\u00f3 a \u201cExcelencia Popular\u00bb como \u201cun pilar de la visi\u00f3n sostenible que impulsa nuestra organizaci\u00f3n financiera, en base a un modelo de Banca Responsable y de cumplimiento de los ODS\u00bb.<\/p>\n\n\n\n<p>\u201cDesde \u201cExcelencia Popular\u00bb aportamos a la educaci\u00f3n de calidad, apoyamos la creaci\u00f3n de oportunidades y facilitamos la superaci\u00f3n profesional de j\u00f3venes con m\u00e9ritos acad\u00e9micos, y de esta forma mantenemos en curso la movilidad social y el crecimiento humano que amplios estratos de la poblaci\u00f3n anhelan, para generar cambios positivos en el contexto social\u00bb, indic\u00f3 el ejecutivo.<\/p>\n\n\n\n<p><strong>Medio centenar de iniciativas<\/strong><\/p>\n\n\n\n<p>Es la segunda ocasi\u00f3n en que un proyecto del Banco Popular es destacado en estos premios, siendo en 2021 laureado el portafolio de finanzas verdes \u201c<a href=\"https:\/\/www.popularenlinea.com\/hazteeco\">Hazte ECO\u200b<\/a>\u00ab, por sus diferentes acciones en favor de la sostenibilidad ambiental y la ecoeficiencia.<\/p>\n\n\n\n<p>En la convocatoria de 2022 se presentaron 52 iniciativas, postuladas por 45 empresas u organizaciones, resultando seleccionadas 20. En el caso de las grandes empresas, uno de los criterios para premiar un proyecto es la adecuada alineaci\u00f3n a los ODS, el enfoque de gesti\u00f3n y operaciones, la transparencia, la inclusi\u00f3n de los grupos de inter\u00e9s en el propio proyecto, la facilidad para replicarlo, la estrategia y el prop\u00f3sito, entre otros.<\/p>\n","protected":false},"excerpt":{"rendered":"<p>Genera impactos significativos en estudiantes y sociedad, seg\u00fan CONEP y PNUD \u200b Santo Domingo, D.N. \u2013 El Consejo Nacional de la Empresa Privada (CONEP) y el Programa de las Naciones&hellip; <\/p>\n","protected":false},"author":2,"featured_media":24365,"comment_status":"closed","ping_status":"closed","sticky":false,"template":"","format":"standard","meta":{"fifu_image_url":"","fifu_image_alt":"","footnotes":""},"categories":[83],"tags":[],"class_list":["post-24363","post","type-post","status-publish","format-standard","has-post-thumbnail","hentry","category-empresariales-empresariales"],"_links":{"self":[{"href":"https:\/\/elmundodelosnegocios.com.do\/v1\/wp-json\/wp\/v2\/posts\/24363","targetHints":{"allow":["GET"]}}],"collection":[{"href":"https:\/\/elmundodelosnegocios.com.do\/v1\/wp-json\/wp\/v2\/posts"}],"about":[{"href":"https:\/\/elmundodelosnegocios.com.do\/v1\/wp-json\/wp\/v2\/types\/post"}],"author":[{"embeddable":true,"href":"https:\/\/elmundodelosnegocios.com.do\/v1\/wp-json\/wp\/v2\/users\/2"}],"replies":[{"embeddable":true,"href":"https:\/\/elmundodelosnegocios.com.do\/v1\/wp-json\/wp\/v2\/comments?post=24363"}],"version-history":[{"count":0,"href":"https:\/\/elmundodelosnegocios.com.do\/v1\/wp-json\/wp\/v2\/posts\/24363\/revisions"}],"wp:featuredmedia":[{"embeddable":true,"href":"https:\/\/elmundodelosnegocios.com.do\/v1\/wp-json\/wp\/v2\/media\/24365"}],"wp:attachment":[{"href":"https:\/\/elmundodelosnegocios.com.do\/v1\/wp-json\/wp\/v2\/media?parent=24363"}],"wp:term":[{"taxonomy":"category","embeddable":true,"href":"https:\/\/elmundodelosnegocios.com.do\/v1\/wp-json\/wp\/v2\/categories?post=24363"},{"taxonomy":"post_tag","embeddable":true,"href":"https:\/\/elmundodelosnegocios.com.do\/v1\/wp-json\/wp\/v2\/tags?post=24363"}],"curies":[{"name":"wp","href":"https:\/\/api.w.org\/{rel}","templated":true}]}}