{"id":24479,"date":"2022-12-15T03:01:59","date_gmt":"2022-12-15T07:31:59","guid":{"rendered":"https:\/\/elmundodelosnegocios.com.do\/v1\/index.php\/2022\/12\/15\/andersen-y-la-universidad-de-san-francisco-usf-amplian-su-colaboracion-para-disenar-un-nuevo-programa-de-mba-empresarial-dirigido-especialmente-a-los-empleados-de-andersen\/"},"modified":"2022-12-15T03:01:59","modified_gmt":"2022-12-15T07:31:59","slug":"andersen-y-la-universidad-de-san-francisco-usf-amplian-su-colaboracion-para-disenar-un-nuevo-programa-de-mba-empresarial-dirigido-especialmente-a-los-empleados-de-andersen","status":"publish","type":"post","link":"https:\/\/elmundodelosnegocios.com.do\/v1\/andersen-y-la-universidad-de-san-francisco-usf-amplian-su-colaboracion-para-disenar-un-nuevo-programa-de-mba-empresarial-dirigido-especialmente-a-los-empleados-de-andersen\/","title":{"rendered":"Andersen y la Universidad de San Francisco (USF) ampl\u00edan su colaboraci\u00f3n para dise\u00f1ar un nuevo programa de MBA empresarial dirigido especialmente a los empleados de Andersen"},"content":{"rendered":"<p>Se trata de una estrecha colaboraci\u00f3n empresarial y educativa dise\u00f1ada para satisfacer las necesidades de desarrollo profesional del personal global de Andersen<br \/>\nSAN FRANCISCO&#8211;(BUSINESS WIRE)&#8211;Andersen, empresa l\u00edder en servicios de asesoramiento financiero, tributario y de valuaciones, entre otros, y la Universidad de San Francisco (USF) han ampliado su colaboraci\u00f3n para crear el programa The Enterprise MBA, por el cual aquellos empleados de Andersen que lo soliciten podr\u00e1n obtener un MBA totalmente financiado por Andersen en un plazo de tres a cinco a\u00f1os. Dise\u00f1ado seg\u00fan el modelo del riguroso MBA a tiempo parcial de la Facultad de Administraci\u00f3n de Empresas Masagung de la USF, el nuevo programa ofrecer\u00e1 un plan de estudios de MBA regular con cursos adaptados a las necesidades espec\u00edficas de desarrollo profesional de los empleados de Andersen en el complejo entorno empresarial global actual.<\/p>\n<p>Comenzando por los empleados de EE. UU. y luego ampli\u00e1ndose a todo el mundo en el a\u00f1o 2023, el nuevo programa estar\u00e1 disponible para los empleados de las firmas miembro de Andersen y las firmas colaboradoras. Podr\u00e1n participar de \u00e9l los empleados de Andersen a tiempo completo o parcial, desde asociados senior hasta socios, independientemente de su antig\u00fcedad. Los participantes deber\u00e1n realizar de tres a cuatro cursos al a\u00f1o (que se dictar\u00e1n online y de forma as\u00edncrona) para completar los requisitos del programa en cinco a\u00f1os. La primera cohorte de casi 50 estudiantes comenz\u00f3 el programa piloto en junio de 2022. En noviembre de 2022, la USF dio la bienvenida al programa a 14 estudiantes de Andersen y prev\u00e9 de 25 a 50 estudiantes m\u00e1s para enero.<\/p>\n<p>\u201cAndersen se esfuerza por ser la mejor firma de servicios profesionales del mundo, y este nuevo programa es coherente con nuestra dedicaci\u00f3n al desarrollo profesional continuo y a la administraci\u00f3n de empresas\u201d, sostuvo Mark Vorsatz, CEO de Andersen. \u201cPara ser los mejores de nuestro sector, tenemos que atraer y retener a los mejores talentos, y por eso estamos muy comprometidos a invertir en nuestra gente. Gracias a la estrecha colaboraci\u00f3n con los innovadores educadores de la USF, hemos logrado dise\u00f1ar un programa personalizado que refleja y mejora el trabajo que los empleados de Andersen hacen cada d\u00eda en nombre de nuestros clientes. A medida que el programa crezca, esperamos que sea una experiencia unificadora para los empleados de todas nuestras \u00e1reas de pr\u00e1ctica y oficinas globales\u201d.<\/p>\n<p>Esta oferta educativa de Andersen es \u00fanica por el grado de participaci\u00f3n de la firma en su desarrollo y por el hecho de que el programa es de naturaleza global, est\u00e1 totalmente financiado por la firma y no tiene ning\u00fan tipo de compromiso en caso de que los empleados inscritos decidan abandonar la firma.<\/p>\n<p>\u201cLa cultura de Andersen es lo que nos mantiene unidos y lo que nos diferencia\u00bb, afirma Vorsatz. \u201cInvertir en nuestra gente, en todas las etapas, es solo un componente m\u00e1s de c\u00f3mo estamos generando y manteniendo esa cultura\u201d.<\/p>\n<p>Un MBA a la medida de las necesidades empresariales de Andersen<\/p>\n<p>Andersen y la Facultad de Administraci\u00f3n de Empresas Masagung de la USF trabajaron en conjunto para dise\u00f1ar un programa de maestr\u00eda hecho a medida que incluya el contenido, el dictado de clases, la modalidad, la estructura y el calendario acad\u00e9mico; incluso han dise\u00f1ado en conjunto una clase optativa especial sobre la importancia de la cultura empresarial. Adem\u00e1s, en algunas clases, el personal directivo de Andersen podr\u00e1 actuar como profesor adjunto para colaborar en el dictado de clases. Cada a\u00f1o se ofrecer\u00e1n tres trimestres de cursos: desde principios de enero hasta mediados o finales de febrero; desde principios de mayo hasta finales de agosto; y desde principios de noviembre hasta mediados de diciembre. Dado que las operaciones de Andersen se centran en los impuestos, los cursos del programa se imparten fuera de las temporadas fiscales, entre el 1 de marzo y el 15 de abril y entre el 1 de septiembre y el 15 de octubre.<\/p>\n<p>\u201cEste es un programa verdaderamente \u00fanico y de colaboraci\u00f3n, y la estrecha asociaci\u00f3n entre la USF y Andersen establece un nuevo est\u00e1ndar para el futuro de la educaci\u00f3n corporativa\u201d remarca Otgo Erhemjamts, Decano de la Facultad de Administraci\u00f3n de Empresas de la USF. \u201cTambi\u00e9n demuestra c\u00f3mo las instituciones educativas y las empresas pueden unirse para hacer frente al d\u00e9ficit de competencias y preparar a las organizaciones y a su personal para un mundo empresarial en r\u00e1pida evoluci\u00f3n\u201d.<\/p>\n<p>Andersen y la USF iniciaron su colaboraci\u00f3n en 2014, cuando ambas entidades se asociaron por primera vez para ofrecer al personal de Andersen la oportunidad de obtener una Maestr\u00eda en Derecho Fiscal (LLM) y una Maestr\u00eda en Estudios Jur\u00eddicos de Tributaci\u00f3n (MLST) de la Facultad de Derecho de la Universidad de San Francisco. A la fecha, m\u00e1s de 120 empleados de 11 pa\u00edses se han graduado de estos programas.<\/p>\n<p>\u201cLa Universidad de San Francisco, fundada por los jesuitas en 1855, lleva mucho tiempo trabajando con la comunidad empresarial dentro y fuera de la ciudad para reforzar su reserva de talentos\u201d, sostiene el presidente de la USF, Paul J. Fitzgerald, S.J. \u201cNuestro trabajo con Andersen ha sido una magn\u00edfica demostraci\u00f3n de esta labor. El alineamiento de nuestras culturas hace posible esta excelente experiencia de ense\u00f1anza-aprendizaje. Estamos especialmente agradecidos al Sr. Vorsatz por haber imaginado esta din\u00e1mica colaboraci\u00f3n\u201d.<\/p>\n<p>Andersen Global es una asociaci\u00f3n internacional de firmas legalmente separadas e independientes compuestas por profesionales especializados en temas tributarios y legales de todo el mundo. Fundada en 2013 por la firma miembro estadounidense Andersen Tax LLC, Andersen Global cuenta en la actualidad con m\u00e1s de 13 000 profesionales en todo el mundo y est\u00e1 presente en m\u00e1s de 390 localidades a trav\u00e9s de sus firmas miembro y firmas colaboradoras.<\/p>\n<p>Acerca de la Facultad de Administraci\u00f3n de Empresas de la USF<\/p>\n<p>Fundada en 1925, la Facultad de Administraci\u00f3n de Empresas de la Universidad de San Francisco est\u00e1 a la vanguardia en la educaci\u00f3n de la pr\u00f3xima generaci\u00f3n de l\u00edderes empresariales conscientes. Cada a\u00f1o, sus estudiantes se unen a los m\u00e1s de 40 000 antiguos alumnos de la Facultad de Administraci\u00f3n de Empresas de todo el mundo para crear un cambio \u00e9tico e innovador en los sectores de gesti\u00f3n privada, p\u00fablica y sin fines de lucro. La Facultad de Administraci\u00f3n de Empresas est\u00e1 acreditada por la Western Association of Schools and Colleges Senior College and University Commission (WSCUC) y la Association to Advance Collegiate Schools of Business (AACSB).<\/p>\n<p>El texto original en el idioma fuente de este comunicado es la versi\u00f3n oficial autorizada. Las traducciones solo se suministran como adaptaci\u00f3n y deben cotejarse con el texto en el idioma fuente, que es la \u00fanica versi\u00f3n del texto que tendr\u00e1 un efecto legal.<br \/>\n Contacts<br \/>\nMegan Tsuei<br \/>\nAndersen Global<br \/>\n415-764-2700<\/p>\n","protected":false},"excerpt":{"rendered":"<p>Se trata de una estrecha colaboraci\u00f3n empresarial y educativa dise\u00f1ada para satisfacer las necesidades de desarrollo profesional del personal global de Andersen SAN FRANCISCO&#8211;(BUSINESS WIRE)&#8211;Andersen, empresa l\u00edder en servicios de&hellip; <\/p>\n","protected":false},"author":2,"featured_media":0,"comment_status":"closed","ping_status":"closed","sticky":false,"template":"","format":"standard","meta":{"fifu_image_url":"","fifu_image_alt":"","footnotes":""},"categories":[252],"tags":[253],"class_list":["post-24479","post","type-post","status-publish","format-standard","hentry","category-business-wire","tag-business-wire"],"_links":{"self":[{"href":"https:\/\/elmundodelosnegocios.com.do\/v1\/wp-json\/wp\/v2\/posts\/24479","targetHints":{"allow":["GET"]}}],"collection":[{"href":"https:\/\/elmundodelosnegocios.com.do\/v1\/wp-json\/wp\/v2\/posts"}],"about":[{"href":"https:\/\/elmundodelosnegocios.com.do\/v1\/wp-json\/wp\/v2\/types\/post"}],"author":[{"embeddable":true,"href":"https:\/\/elmundodelosnegocios.com.do\/v1\/wp-json\/wp\/v2\/users\/2"}],"replies":[{"embeddable":true,"href":"https:\/\/elmundodelosnegocios.com.do\/v1\/wp-json\/wp\/v2\/comments?post=24479"}],"version-history":[{"count":0,"href":"https:\/\/elmundodelosnegocios.com.do\/v1\/wp-json\/wp\/v2\/posts\/24479\/revisions"}],"wp:attachment":[{"href":"https:\/\/elmundodelosnegocios.com.do\/v1\/wp-json\/wp\/v2\/media?parent=24479"}],"wp:term":[{"taxonomy":"category","embeddable":true,"href":"https:\/\/elmundodelosnegocios.com.do\/v1\/wp-json\/wp\/v2\/categories?post=24479"},{"taxonomy":"post_tag","embeddable":true,"href":"https:\/\/elmundodelosnegocios.com.do\/v1\/wp-json\/wp\/v2\/tags?post=24479"}],"curies":[{"name":"wp","href":"https:\/\/api.w.org\/{rel}","templated":true}]}}