{"id":24487,"date":"2022-12-15T16:10:24","date_gmt":"2022-12-15T20:40:24","guid":{"rendered":"https:\/\/elmundodelosnegocios.com.do\/v1\/?p=24487"},"modified":"2022-12-15T16:10:27","modified_gmt":"2022-12-15T20:40:27","slug":"suma-sky-cana-mas-dos-mil-asientos-con-go-santiago-y-go-pedernales","status":"publish","type":"post","link":"https:\/\/elmundodelosnegocios.com.do\/v1\/suma-sky-cana-mas-dos-mil-asientos-con-go-santiago-y-go-pedernales\/","title":{"rendered":"Suma Sky Cana m\u00e1s dos mil asientos con \u201cGo Santiago\u201d y \u201cGo Pedernales\u201d"},"content":{"rendered":"\n<p><strong>Puerto Plata<\/strong>, R.D. Diciembre 2022.<strong>\u2013<\/strong>&nbsp;Sky Cana, empresa a\u00e9rea dominicana recibi\u00f3 dos aeronaves Airbus A320, con el&nbsp;<em>livery<\/em>&nbsp;\u201cGo Pedernales \u201cy \u201cGo Santiago \u201c, en el Aeropuerto Internacional Gregorio Luper\u00f3n -AIGL-, de Puerto Plata, desde en el cual tendr\u00e1n su base de operaciones, sumando en este momento dos mil veinte (2,020) asientos en beneficio a la pr\u00f3xima temporada tur\u00edstica nacional del 2023.<\/p>\n\n\n\n<figure class=\"wp-block-image\"><a href=\"https:\/\/i0.wp.com\/tourismgolfandbusinessevents.com\/wp-content\/uploads\/2022\/12\/Airbus-A320-liber-Go-Pedernales.jpg?ssl=1\"><img decoding=\"async\" src=\"https:\/\/i0.wp.com\/tourismgolfandbusinessevents.com\/wp-content\/uploads\/2022\/12\/Airbus-A320-liber-Go-Pedernales.jpg?resize=1024%2C768&amp;ssl=1\" alt=\"\" class=\"wp-image-16945\"\/><\/a><\/figure>\n\n\n\n<p>Frank D\u00edaz, CEO&nbsp;de Sky Cana, expres\u00f3, \u201cCon \u00e9stas dos aeronaves con el&nbsp;<em>livery<\/em>&nbsp;\u201cGo Santiago\u201d y \u201cGo&nbsp;Pedernales\u201d, suman nueve modernas aeronaves Airbus que Sky Cana pone al servicio del turismo dominicano. Hoy nos sentimos orgullosos de aumentar en solo 30 d\u00edas la llegada de cinco modernos Airbus y hemos escogido la terminal del Aeropuerto Gregorio Luper\u00f3n por sus facilidades; y de nuestra parte, dar respaldo e impulso a Puerto Plata, como a toda la regi\u00f3n.\u201d<\/p>\n\n\n\n<p>\u201cTal y como hab\u00edamos expresado, Sky Cana se fortalece con la adquisici\u00f3n de estas nuevas aeronaves, las cuales iniciar\u00e1n operaciones a partir del pr\u00f3ximo 1ro de diciembre. M\u00e1s adelante iremos informando sobre las rutas y destinos donde estaremos haciendo nuevos negocios\u201d, agreg\u00f3 D\u00edaz.<\/p>\n\n\n\n<p>Recordarnos el primer Airbus A321 con el&nbsp;<em>livery<\/em>&nbsp;\u201cGo Puerto Plata\u201d, lleg\u00f3 al pa\u00eds el pasado d\u00eda 27 de noviembre del 2020. Luego le subsiguieron las aeronaves &nbsp;<\/p>\n\n\n\n<p>&nbsp;\u201cGo Saman\u00e1\u201d, &nbsp;&nbsp;\u201cGo Punta Cana \u201d,&nbsp; \u201c Go Santo Domingo \u201d, &nbsp;&nbsp;\u201c Go Dominican Republic \u201d,&nbsp; m\u00e1s recientemente, \u201cGo Cibao \u201c,&nbsp; \u201c Go&nbsp; La Romana \u201c,&nbsp; y actualmente,&nbsp;<a>\u201cGo Pedernales \u201cy \u201cGo Santiago \u201c.&nbsp;<\/a>Contamos con 4 Airbus A320, 3 Airbus A321 y 2 Airbus A330. Somos la primera empresa a\u00e9rea dominicana en tener este tipo de aeronaves en Rep\u00fablica Dominicana.<\/p>\n\n\n\n<p>Sky Cana, con nuevos estilos de negocios en la aviaci\u00f3n comercial dominicana, sigue haciendo historia implementando nuevos paradigmas.&nbsp; Est\u00e1 conformada por profesionales de gran experticia en la industria de la aviaci\u00f3n. \u00danica empresa con capital de inversi\u00f3n 100% dominicano que opera aeronaves con capacidad superior a los 150 pasajeros en el pa\u00eds.&nbsp;<\/p>\n","protected":false},"excerpt":{"rendered":"<p>Puerto Plata, R.D. Diciembre 2022.\u2013&nbsp;Sky Cana, empresa a\u00e9rea dominicana recibi\u00f3 dos aeronaves Airbus A320, con el&nbsp;livery&nbsp;\u201cGo Pedernales \u201cy \u201cGo Santiago \u201c, en el Aeropuerto Internacional Gregorio Luper\u00f3n -AIGL-, de Puerto&hellip; <\/p>\n","protected":false},"author":2,"featured_media":24488,"comment_status":"closed","ping_status":"closed","sticky":false,"template":"","format":"standard","meta":{"fifu_image_url":"","fifu_image_alt":"","footnotes":""},"categories":[169],"tags":[],"class_list":["post-24487","post","type-post","status-publish","format-standard","has-post-thumbnail","hentry","category-transporte-internacional"],"_links":{"self":[{"href":"https:\/\/elmundodelosnegocios.com.do\/v1\/wp-json\/wp\/v2\/posts\/24487","targetHints":{"allow":["GET"]}}],"collection":[{"href":"https:\/\/elmundodelosnegocios.com.do\/v1\/wp-json\/wp\/v2\/posts"}],"about":[{"href":"https:\/\/elmundodelosnegocios.com.do\/v1\/wp-json\/wp\/v2\/types\/post"}],"author":[{"embeddable":true,"href":"https:\/\/elmundodelosnegocios.com.do\/v1\/wp-json\/wp\/v2\/users\/2"}],"replies":[{"embeddable":true,"href":"https:\/\/elmundodelosnegocios.com.do\/v1\/wp-json\/wp\/v2\/comments?post=24487"}],"version-history":[{"count":0,"href":"https:\/\/elmundodelosnegocios.com.do\/v1\/wp-json\/wp\/v2\/posts\/24487\/revisions"}],"wp:featuredmedia":[{"embeddable":true,"href":"https:\/\/elmundodelosnegocios.com.do\/v1\/wp-json\/wp\/v2\/media\/24488"}],"wp:attachment":[{"href":"https:\/\/elmundodelosnegocios.com.do\/v1\/wp-json\/wp\/v2\/media?parent=24487"}],"wp:term":[{"taxonomy":"category","embeddable":true,"href":"https:\/\/elmundodelosnegocios.com.do\/v1\/wp-json\/wp\/v2\/categories?post=24487"},{"taxonomy":"post_tag","embeddable":true,"href":"https:\/\/elmundodelosnegocios.com.do\/v1\/wp-json\/wp\/v2\/tags?post=24487"}],"curies":[{"name":"wp","href":"https:\/\/api.w.org\/{rel}","templated":true}]}}