{"id":24490,"date":"2022-12-15T16:23:07","date_gmt":"2022-12-15T20:53:07","guid":{"rendered":"https:\/\/elmundodelosnegocios.com.do\/v1\/?p=24490"},"modified":"2022-12-15T16:23:12","modified_gmt":"2022-12-15T20:53:12","slug":"consideran-navieros-eficiencias-procesos-logistica-aumentaron-productividad-economia","status":"publish","type":"post","link":"https:\/\/elmundodelosnegocios.com.do\/v1\/consideran-navieros-eficiencias-procesos-logistica-aumentaron-productividad-economia\/","title":{"rendered":"Consideran Navieros eficiencias procesos log\u00edstica aumentaron productividad econom\u00eda"},"content":{"rendered":"\n<p>Santo Domingo, R.D. Diciembre 15, 2022.- La Asociaci\u00f3n de Navieros de la Rep\u00fablica Dominicana, ANRD, resalt\u00f3 que este sector durante el a\u00f1o 2022 ha impulsado iniciativas que han impactado de manera directa los sectores productivos del pa\u00eds con un aumento de capacidad log\u00edstica, mejoras en las infraestructuras, eficientizando procesos y manteniendo un servicio de calidad.<\/p>\n\n\n\n<p>Teddy Heinsen, presidente de la ANRD, indic\u00f3 la importancia de continuar desarrollando alianzas entre el sector p\u00fablico y privado para alcanzar logros sostenibles para la econom\u00eda, donde el sector Naviero-Portuario estar\u00e1 realizando las inversiones necesarias para fomentar el crecimiento econ\u00f3mico y social de la Rep\u00fablica Dominicana.<\/p>\n\n\n\n<p>\u201cReafirmamos nuestro compromiso de continuar realizando mejoras en la industria log\u00edstica que sigan apoyando la productividad de los distintos sectores productivos de la econom\u00eda nacional para que Rep\u00fablica Dominicana se mantenga encabezando la lista de los pa\u00edses con las mejores condiciones para ser un HUB log\u00edstico regional\u201d expres\u00f3 Heinsen.<\/p>\n\n\n\n<p>La Asociaci\u00f3n de Navieros destac\u00f3 la labor desempe\u00f1ada por el ministro de Industria, Comercio y Mipymes (MICM), V\u00edctor -Ito- Bison\u00f3 impulsando la ley 148-22 como una iniciativa de pol\u00edticas p\u00fablicas para mejorar la industria log\u00edstica y contribuyendo para consolidar al pa\u00eds como hub log\u00edstico de la regi\u00f3n para incrementar el volumen en las exportaciones e importaciones reflejando un aumento del comercio.<\/p>\n\n\n\n<p>Indicaron que reconocen la actual gesti\u00f3n del MICM por sus constantes aportes y compromisos para continuar consolidando a la Rep\u00fablica Dominicana como Hub Log\u00edstico Regional e impulsar las iniciativas que impacten de manera directa al sector productivo.<\/p>\n","protected":false},"excerpt":{"rendered":"<p>Santo Domingo, R.D. Diciembre 15, 2022.- La Asociaci\u00f3n de Navieros de la Rep\u00fablica Dominicana, ANRD, resalt\u00f3 que este sector durante el a\u00f1o 2022 ha impulsado iniciativas que han impactado de&hellip; <\/p>\n","protected":false},"author":2,"featured_media":24491,"comment_status":"closed","ping_status":"closed","sticky":false,"template":"","format":"standard","meta":{"fifu_image_url":"","fifu_image_alt":"","footnotes":""},"categories":[169],"tags":[],"class_list":["post-24490","post","type-post","status-publish","format-standard","has-post-thumbnail","hentry","category-transporte-internacional"],"_links":{"self":[{"href":"https:\/\/elmundodelosnegocios.com.do\/v1\/wp-json\/wp\/v2\/posts\/24490","targetHints":{"allow":["GET"]}}],"collection":[{"href":"https:\/\/elmundodelosnegocios.com.do\/v1\/wp-json\/wp\/v2\/posts"}],"about":[{"href":"https:\/\/elmundodelosnegocios.com.do\/v1\/wp-json\/wp\/v2\/types\/post"}],"author":[{"embeddable":true,"href":"https:\/\/elmundodelosnegocios.com.do\/v1\/wp-json\/wp\/v2\/users\/2"}],"replies":[{"embeddable":true,"href":"https:\/\/elmundodelosnegocios.com.do\/v1\/wp-json\/wp\/v2\/comments?post=24490"}],"version-history":[{"count":0,"href":"https:\/\/elmundodelosnegocios.com.do\/v1\/wp-json\/wp\/v2\/posts\/24490\/revisions"}],"wp:featuredmedia":[{"embeddable":true,"href":"https:\/\/elmundodelosnegocios.com.do\/v1\/wp-json\/wp\/v2\/media\/24491"}],"wp:attachment":[{"href":"https:\/\/elmundodelosnegocios.com.do\/v1\/wp-json\/wp\/v2\/media?parent=24490"}],"wp:term":[{"taxonomy":"category","embeddable":true,"href":"https:\/\/elmundodelosnegocios.com.do\/v1\/wp-json\/wp\/v2\/categories?post=24490"},{"taxonomy":"post_tag","embeddable":true,"href":"https:\/\/elmundodelosnegocios.com.do\/v1\/wp-json\/wp\/v2\/tags?post=24490"}],"curies":[{"name":"wp","href":"https:\/\/api.w.org\/{rel}","templated":true}]}}