{"id":24496,"date":"2022-12-16T03:01:15","date_gmt":"2022-12-16T07:31:15","guid":{"rendered":"https:\/\/elmundodelosnegocios.com.do\/v1\/index.php\/2022\/12\/16\/el-world-ai-cannes-festival-waicf-regresa-para-su-segunda-edicion-en-cannes-francia\/"},"modified":"2022-12-16T03:01:15","modified_gmt":"2022-12-16T07:31:15","slug":"el-world-ai-cannes-festival-waicf-regresa-para-su-segunda-edicion-en-cannes-francia","status":"publish","type":"post","link":"https:\/\/elmundodelosnegocios.com.do\/v1\/el-world-ai-cannes-festival-waicf-regresa-para-su-segunda-edicion-en-cannes-francia\/","title":{"rendered":"El World AI Cannes Festival (WAICF) regresa para su segunda edici\u00f3n en Cannes, Francia"},"content":{"rendered":"<p>Del 9 al 11 de febrero de 2023<br \/>\nPAR\u00cdS&#8211;(BUSINESS WIRE)&#8211;Del 9 al 11 de febrero de 2023, la ciudad de Cannes, al sur de Francia, se convertir\u00e1 una vez m\u00e1s en el centro neur\u00e1lgico del mundo en lo que respecta a la inteligencia artificial con el World AI Cannes Festival (Festival mundial de inteligencia artificial de Cannes), el primer evento mundial dedicado exclusivamente a la inteligencia artificial, a los l\u00edderes tecnol\u00f3gicos que la est\u00e1n innovando, y a los problemas econ\u00f3micos, human\u00edsticos y sociales que repercutir\u00e1n la vida de todos en el futuro cercano.<\/p>\n<p>Una segunda edici\u00f3n con un programa rico<\/p>\n<p>La edici\u00f3n 2023 del festival comprender\u00e1 varias \u00e1reas tem\u00e1ticas, lo que le permitir\u00e1 a la inteligencia artificial mostrar todas sus facetas. Cada \u00e1rea albergar\u00e1 empresas y actores de la inteligencia artificial que presentar\u00e1n sus soluciones y ofrecer\u00e1n demostraciones y experiencias inmersivas. Para la segunda edici\u00f3n, las \u00e1reas tem\u00e1ticas se centrar\u00e1n en las aplicaciones nuevas de inteligencia artificial en los sectores de rob\u00f3tica, videojuegos, catering, deportes y bienestar.<\/p>\n<p>Adem\u00e1s, esta nueva edici\u00f3n tambi\u00e9n recibir\u00e1 a algunos pa\u00edses a trav\u00e9s de pabellones internacionales (Suiza, Escandinavia, Italia, Corea, Israel, Canad\u00e1). El festival es una oportunidad para que los visitantes hagan un recorrido mundial de inteligencia artificial y descubran empresas nuevas que cambiar\u00e1n el futuro del sector tecnol\u00f3gico. Tambi\u00e9n estar\u00e1n presentes las mejores universidades del mundo y los mejores investigadores de inteligencia artificial.<\/p>\n<p>Primeros oradores reconocidos que se presentar\u00e1n en el WAICF 2023<\/p>\n<p>Faltando dos meses con su comienzo, el WAICF anunci\u00f3 algunas de las primeras figuras entre los oradores nacionales e internacionales que participar\u00e1n, provenientes de c\u00edrculos profesionales, autoridades de investigaci\u00f3n y autoridades p\u00fablicas:<\/p>\n<p>Chad ARONSON, Director mundial de automatizaci\u00f3n inteligente COE de UBER,<\/p>\n<p>Divya DWIVEDI, abogada en la CORTE SUPREMA DE INDIA<\/p>\n<p>Oren ETZIONI, gerente general de Allen Institute for AI,<\/p>\n<p>Lila IBRAHIM, Directora de operaciones en DEEPMIND,<\/p>\n<p>Luc JULIA, Director cient\u00edfico en RENAULT,<\/p>\n<p>Yann LECUN, vicepresidente y director cient\u00edfico de AI en META AI,<\/p>\n<p>Alberto PRADO, vicepresidente y director mundial de Digital &amp; Partnership, I+D en UNILEVER<\/p>\n<p>Stuart RUSSEL, Profesor de Inform\u00e1tica y Michael H. Smith y Lotfi A. Zadeh, presidente de ingenier\u00eda de la UNIVERSIDAD DE CALIFORNIA, BERKELEY<\/p>\n<p>Manuela VELOSO, Directora de investigaci\u00f3n de AI enJ. P. MORGAN CHASE <\/p>\n<p>Miriam VOGEL, Presidente y gerente general en EqualAI,<\/p>\n<p>Se espera que participen m\u00e1s de cien oradores en esta nueva edici\u00f3n, quienes aportar\u00e1n una perspectiva general de la inteligencia artificial y su diversidad a trav\u00e9s de 5 categor\u00edas de conferencias:<\/p>\n<p>AI PARA LA SOCIEDAD: comprenda los beneficios de la inteligencia artificial en la sociedad, el planeta y los desaf\u00edos que nos esperan en el futuro.<\/p>\n<p>AI PRESENTE Y FUTURO: explore lo que la inteligencia artificial puede hacer en el presente para imaginar qu\u00e9 innovaciones traer\u00e1 la sociedad y las empresas en el futuro.<\/p>\n<p>AI ESTRATEGIA: obtenga conocimientos clave para mejorar su estrategia de inteligencia artificial y llevar a su empresa al siguiente nivel.<\/p>\n<p>AI TECNOLOG\u00cdA: aprenda c\u00f3mo optimizar las diferentes tecnolog\u00edas de inteligencia artificial y entrenar su mentalidad innovadora con oradores de alto nivel.<\/p>\n<p>AI APLICACIONES: obtenga una perspectiva general sobre los avances que la inteligencia artificial puede aportar a las empresas, con el foco en diferentes industrias.<\/p>\n<p>Acreditaciones de prensa<br \/>\nPara solicitar su acreditaci\u00f3n para el WAICF, p\u00f3ngase en contacto con el equipo de relaciones p\u00fablicas en waicf@agence-profile.com.<\/p>\n<p>Acerca de WAICF<br \/>\nEl World AI Cannes Festival naci\u00f3 a partir del deseo de reunir a las empresas e individuos que se dedican a la inteligencia artificial. El festival invita a los participantes, provenientes de contextos ricos y diversos, a descubrir y comprender las formas en que la inteligencia artificial repercute en nuestro d\u00eda a d\u00eda. El World AI Cannes Festival tambi\u00e9n representa una oportunidad \u00fanica para que las empresas conozcan a ideas innovadoras, informaci\u00f3n novedosa y descubrimientos nuevos. Se les pedir\u00e1 a las empresas que exhiban sus conocimientos y experiencia y que se conecten con los l\u00edderes y tomadores de decisiones de la industria.<\/p>\n<p>El texto original en el idioma fuente de este comunicado es la versi\u00f3n oficial autorizada. Las traducciones solo se suministran como adaptaci\u00f3n y deben cotejarse con el texto en el idioma fuente, que es la \u00fanica versi\u00f3n del texto que tendr\u00e1 un efecto legal.<br \/>\n Contacts<br \/>\nContacto de prensa:Perfil de la agenciawaicf@agence-profile.comJennifer Loison +33 6 10 22 52 37<br \/>\nSh\u00e9razade El Houari +33 6 22 35 69 79<\/p>\n","protected":false},"excerpt":{"rendered":"<p>Del 9 al 11 de febrero de 2023 PAR\u00cdS&#8211;(BUSINESS WIRE)&#8211;Del 9 al 11 de febrero de 2023, la ciudad de Cannes, al sur de Francia, se convertir\u00e1 una vez m\u00e1s&hellip; <\/p>\n","protected":false},"author":2,"featured_media":24497,"comment_status":"closed","ping_status":"closed","sticky":false,"template":"","format":"standard","meta":{"fifu_image_url":"","fifu_image_alt":"","footnotes":""},"categories":[252],"tags":[253],"class_list":["post-24496","post","type-post","status-publish","format-standard","has-post-thumbnail","hentry","category-business-wire","tag-business-wire"],"_links":{"self":[{"href":"https:\/\/elmundodelosnegocios.com.do\/v1\/wp-json\/wp\/v2\/posts\/24496","targetHints":{"allow":["GET"]}}],"collection":[{"href":"https:\/\/elmundodelosnegocios.com.do\/v1\/wp-json\/wp\/v2\/posts"}],"about":[{"href":"https:\/\/elmundodelosnegocios.com.do\/v1\/wp-json\/wp\/v2\/types\/post"}],"author":[{"embeddable":true,"href":"https:\/\/elmundodelosnegocios.com.do\/v1\/wp-json\/wp\/v2\/users\/2"}],"replies":[{"embeddable":true,"href":"https:\/\/elmundodelosnegocios.com.do\/v1\/wp-json\/wp\/v2\/comments?post=24496"}],"version-history":[{"count":0,"href":"https:\/\/elmundodelosnegocios.com.do\/v1\/wp-json\/wp\/v2\/posts\/24496\/revisions"}],"wp:featuredmedia":[{"embeddable":true,"href":"https:\/\/elmundodelosnegocios.com.do\/v1\/wp-json\/wp\/v2\/media\/24497"}],"wp:attachment":[{"href":"https:\/\/elmundodelosnegocios.com.do\/v1\/wp-json\/wp\/v2\/media?parent=24496"}],"wp:term":[{"taxonomy":"category","embeddable":true,"href":"https:\/\/elmundodelosnegocios.com.do\/v1\/wp-json\/wp\/v2\/categories?post=24496"},{"taxonomy":"post_tag","embeddable":true,"href":"https:\/\/elmundodelosnegocios.com.do\/v1\/wp-json\/wp\/v2\/tags?post=24496"}],"curies":[{"name":"wp","href":"https:\/\/api.w.org\/{rel}","templated":true}]}}