{"id":24521,"date":"2022-12-19T09:48:23","date_gmt":"2022-12-19T14:18:23","guid":{"rendered":"https:\/\/elmundodelosnegocios.com.do\/v1\/?p=24521"},"modified":"2022-12-19T09:48:24","modified_gmt":"2022-12-19T14:18:24","slug":"ministro-de-turismo-anuncia-acciones-concretas-para-el-relanzamiento-de-santiago-como-destino-turistico","status":"publish","type":"post","link":"https:\/\/elmundodelosnegocios.com.do\/v1\/ministro-de-turismo-anuncia-acciones-concretas-para-el-relanzamiento-de-santiago-como-destino-turistico\/","title":{"rendered":"Ministro de Turismo anuncia acciones concretas para el relanzamiento de Santiago como destino tur\u00edstico"},"content":{"rendered":"\n<p>Santiago. &#8211;&nbsp;<strong>El Ministro de Turismo, David Collado<\/strong>, reiter\u00f3 este domingo su compromiso de&nbsp;<strong>convertir a Santiago en el destino tur\u00edstico \u00abque se merece\u00bb<\/strong>&nbsp;y dijo que se ha dise\u00f1ado un plan en ese sentido para ser ejecutado con todos los actores de la provincia.<\/p>\n\n\n\n<p><em>\u00abLe lleg\u00f3 la verdadera hora a Santiago como destino tur\u00edstico. De entrada, les informo que ya iniciamos los pasos para remozar totalmente ese s\u00edmbolo de la Ciudad Coraz\u00f3n, el monumento\u00bb,<\/em>&nbsp;dijo Collado el encabezar la&nbsp;<strong>cuarta versi\u00f3n de Turismo en Cada Rinc\u00f3n en el sector Los Pepines<\/strong>&nbsp;de esta ciudad.<\/p>\n\n\n\n<p>A la actividad, llena de mejores cl\u00e1sicos del son y llevada a cabo en la calle Cuba esquina Archille Michell de esta hist\u00f3rica y pintoresca barriada de Los Pepines, asistieron representantes del&nbsp;<strong>MITUR<\/strong>&nbsp;y autoridades municipales, con la presencia de cientos de santiaguenses que&nbsp;<strong>all\u00ed disfrutaron de una variada oferta cultural y exposiciones con lo m\u00e1s representativo del arte, la gastronom\u00eda y la cultura de Santiago.<\/strong><\/p>\n\n\n\n<p>Como parte del cierre del evento, el colorido se apoder\u00f3 con los&nbsp;<strong>pintorescos personajes del carnaval cibae\u00f1o<\/strong>, animado con la presentaci\u00f3n del&nbsp;<strong>Grupo Lat\u00edn Sound<\/strong>&nbsp;junto a las muestras de fiesta y m\u00fasica en vivo que expone cada domingo&nbsp;<strong>el Son de KEKA<\/strong>&nbsp;entre las calles Cuba y Vicente Estrella de esta barriada.<\/p>\n\n\n\n<p><strong>Ediciones anteriores<\/strong><\/p>\n\n\n\n<p>Se recuerda que, en las tres \u00faltimas ediciones de Turismo en Cada Rinc\u00f3n, en las provincias Hermanas Mirabal, Monse\u00f1or Nouel y Mar\u00eda Trinidad S\u00e1nchez,&nbsp;<strong>el Ministro Collado ha dejado marcado el prop\u00f3sito en promover el turismo interno&nbsp;<\/strong>e invitar a los dominicanos a conocer los tesoros culturales y el potencial tur\u00edstico de cada una de estas localidades.<\/p>\n\n\n\n<p>Se ha dispuesto adem\u00e1s el impulso de varias obras, como lo ha sido para la&nbsp;<strong>provincia Hermanas Mirabal<\/strong>, con el anuncio de la entrega de un mill\u00f3n de pesos para la&nbsp;<strong>reparaci\u00f3n de la Ruta de los Murales<\/strong>&nbsp;y otros 20 millones de pesos para iniciar un plan que busque&nbsp;<strong>fortalecer la marca ciudad Hermanas Mirabal.<\/strong><\/p>\n\n\n\n<p><strong>Para Monse\u00f1or Nouel<\/strong>, el Ministro Collado anunci\u00f3 la creaci\u00f3n de una&nbsp;<strong>ruta tur\u00edstica<\/strong>&nbsp;para ser promovida a nivel internacional y la entrega de 100 millones de pesos para la ejecuci\u00f3n de&nbsp;<strong>obras prioritarias<\/strong>&nbsp;y el dise\u00f1o de una estrategia de&nbsp;<strong>marca ciudad para este destino cibae\u00f1o.<\/strong><\/p>\n\n\n\n<p>En Turismo en Cada Rinc\u00f3n el Ministerio de Turismo ha logrado&nbsp;<strong>promover y relanzar lo mejor de cada localidad de manera exitosa<\/strong>&nbsp;y, como paso importante,&nbsp;<strong>la integraci\u00f3n de las comunidades<\/strong>, como ha sido de la iniciativa lanzada oficialmente el 3 de agosto de este a\u00f1o, durante un acto encabezado por el&nbsp;<strong>Presidente Luis Abinader y el Ministro Collado.<\/strong><\/p>\n","protected":false},"excerpt":{"rendered":"<p>Santiago. &#8211;&nbsp;El Ministro de Turismo, David Collado, reiter\u00f3 este domingo su compromiso de&nbsp;convertir a Santiago en el destino tur\u00edstico \u00abque se merece\u00bb&nbsp;y dijo que se ha dise\u00f1ado un plan en&hellip; <\/p>\n","protected":false},"author":2,"featured_media":24522,"comment_status":"closed","ping_status":"closed","sticky":false,"template":"","format":"standard","meta":{"fifu_image_url":"","fifu_image_alt":"","footnotes":""},"categories":[172],"tags":[],"class_list":["post-24521","post","type-post","status-publish","format-standard","has-post-thumbnail","hentry","category-turismo"],"_links":{"self":[{"href":"https:\/\/elmundodelosnegocios.com.do\/v1\/wp-json\/wp\/v2\/posts\/24521","targetHints":{"allow":["GET"]}}],"collection":[{"href":"https:\/\/elmundodelosnegocios.com.do\/v1\/wp-json\/wp\/v2\/posts"}],"about":[{"href":"https:\/\/elmundodelosnegocios.com.do\/v1\/wp-json\/wp\/v2\/types\/post"}],"author":[{"embeddable":true,"href":"https:\/\/elmundodelosnegocios.com.do\/v1\/wp-json\/wp\/v2\/users\/2"}],"replies":[{"embeddable":true,"href":"https:\/\/elmundodelosnegocios.com.do\/v1\/wp-json\/wp\/v2\/comments?post=24521"}],"version-history":[{"count":0,"href":"https:\/\/elmundodelosnegocios.com.do\/v1\/wp-json\/wp\/v2\/posts\/24521\/revisions"}],"wp:featuredmedia":[{"embeddable":true,"href":"https:\/\/elmundodelosnegocios.com.do\/v1\/wp-json\/wp\/v2\/media\/24522"}],"wp:attachment":[{"href":"https:\/\/elmundodelosnegocios.com.do\/v1\/wp-json\/wp\/v2\/media?parent=24521"}],"wp:term":[{"taxonomy":"category","embeddable":true,"href":"https:\/\/elmundodelosnegocios.com.do\/v1\/wp-json\/wp\/v2\/categories?post=24521"},{"taxonomy":"post_tag","embeddable":true,"href":"https:\/\/elmundodelosnegocios.com.do\/v1\/wp-json\/wp\/v2\/tags?post=24521"}],"curies":[{"name":"wp","href":"https:\/\/api.w.org\/{rel}","templated":true}]}}