{"id":24527,"date":"2022-12-19T10:03:37","date_gmt":"2022-12-19T14:33:37","guid":{"rendered":"https:\/\/elmundodelosnegocios.com.do\/v1\/?p=24527"},"modified":"2022-12-19T10:03:39","modified_gmt":"2022-12-19T14:33:39","slug":"feda-presenta-programa-madres-del-campo-beneficiara-a-15000-mujeres-rurales","status":"publish","type":"post","link":"https:\/\/elmundodelosnegocios.com.do\/v1\/feda-presenta-programa-madres-del-campo-beneficiara-a-15000-mujeres-rurales\/","title":{"rendered":"FEDA presenta programa Madres del Campo; beneficiar\u00e1 a 15,000 mujeres rurales"},"content":{"rendered":"\n<p>Monte Plata. &#8211; El Fondo Especial para el Desarrollo Agropecuario&nbsp;<strong>(FEDA)<\/strong>&nbsp;anunci\u00f3 en esta provincia el nuevo&nbsp;<strong>Proyecto Madres del Campo<\/strong>&nbsp;para el 2023, una iniciativa del Gobierno para&nbsp;<strong>apoyar a la mujer de la zona rural y combatir la pobreza<\/strong>.<\/p>\n\n\n\n<p><strong>El director del FEDA, Hecmilio Galv\u00e1n,<\/strong>&nbsp;dijo que el programa beneficiar\u00e1 de manera directa a&nbsp;<strong>15,000 mujeres rurales<\/strong>&nbsp;que recibir\u00e1n financiamientos y donaciones de recursos en especies, para desarrollar&nbsp;<strong>granjas av\u00edcolas, cunicultura, crianza de ovinocaprinos, ganado de carne y leche, as\u00ed como de tilapias, entre otros.<\/strong><\/p>\n\n\n\n<p>Durante el acto de socializaci\u00f3n del Programa Madres del Campo en la&nbsp;<strong>Expo<\/strong>&nbsp;<strong>Feria<\/strong>&nbsp;<strong>Monte Plata 2022<\/strong>, Galv\u00e1n anunci\u00f3 que ese proyecto incluir\u00e1 la&nbsp;<strong>selecci\u00f3n y adiestramiento, as\u00ed como la gesti\u00f3n de financiamiento para 2,000 mujeres del campo como microempresarias<\/strong>, la donaci\u00f3n de 200,000 gallinas ponedoras, la instalaci\u00f3n de unas 5,000 peque\u00f1as granjas, adem\u00e1s de la donaci\u00f3n de 25,000 conejos y 3,500 chivas y ovejas a mujeres organizadas del sector rural.<\/p>\n\n\n\n<p>Tambi\u00e9n el programa incluye 500 capacitaciones a mujeres organizadas, la creaci\u00f3n de la&nbsp;<strong>Red de Empresas Agropecuarias dirigidas por mujeres<\/strong>&nbsp;y la instalaci\u00f3n de unas 100 granjas y minigranjas de producci\u00f3n de pollos y huevos por mujeres del campo.<\/p>\n\n\n\n<p>Se\u00f1al\u00f3 que ese proyecto se enmarca en los postulados de la&nbsp;<strong>Estrategia Nacional de Desarrollo 2030,<\/strong>&nbsp;establecida en la&nbsp;<strong>Ley 1-2012<\/strong>, la cual define las pol\u00edticas de desarrollo del pa\u00eds y que es la v\u00eda de impulsar el combate a la pobreza.<\/p>\n\n\n\n<p>Galv\u00e1n agreg\u00f3 que el Gobierno busca insertar y valorar a la mujer rural en un&nbsp;<strong>proceso productivo y remunerado por primera vez en la historia de la agropecuaria<\/strong>, para lograr mayor desarrollo de las comunidades, por lo que tambi\u00e9n incluye la donaci\u00f3n de 1,000 vacas lecheras a mujeres criadoras y capacitaci\u00f3n a 15,000 mujeres beneficiarias del programa, para la estructuraci\u00f3n y funcionamiento de cooperativas y federaciones de mujeres en todo el pa\u00eds.<\/p>\n\n\n\n<figure class=\"wp-block-image\"><img decoding=\"async\" src=\"https:\/\/presidencia.gob.do\/sites\/default\/files\/content\/WhatsApp%20Image%202022-12-19%20at%208.19.13%20AM.jpeg\" alt=\"\"\/><\/figure>\n\n\n\n<p>El funcionario tambi\u00e9n entreg\u00f3&nbsp;<strong>herramientas de labranza a las mujeres productoras de Monte Plata<\/strong>, en el marco de la celebraci\u00f3n de la&nbsp;<strong>Expo Feria Monte Plata Consume lo Nuestro 2022<\/strong>, que se realiz\u00f3 en el polideportivo de esa provincia.<\/p>\n\n\n\n<p>Se\u00f1al\u00f3 que eligi\u00f3 Monte Plata porque es la tierra de&nbsp;<strong>Florinda Soriano (Mam\u00e1 Tingo)&nbsp;<\/strong>y porque es una provincia de gran densidad territorial cuyos terrenos en su mayor parte son altamente productivos de&nbsp;<strong>todos los rubros de la agricultura y la ganader\u00eda<\/strong>, por lo que hace un aporte importante a la econom\u00eda del pa\u00eds.<\/p>\n\n\n\n<p>Dijo que Monte Plata est\u00e1 conectada con todas las regiones del pa\u00eds, por lo que&nbsp;<strong>esa diversidad debe aprovecharse para impulsar un gran desarrollo<\/strong>, en el que el Gobierno tender\u00e1 su mano amiga a trav\u00e9s del FEDA, para lograr ese prop\u00f3sito.<\/p>\n\n\n\n<p>Al acto con el director del FEDA, asistieron la gobernadora de Monte Plata, Rafaela Javier Gomera; la alcaldesa Altagracia Herrera; Franklin de los \u00c1ngeles, regional del Ministerio de Agricultura; Irma Rond\u00f3n y Odelis Soto, subdirectora del FEDA y coordinadora de Proyectos Especiales del FEDA, as\u00ed como Elda G\u00f3mez, coordinadora MYPYMES del FEDA, la productora Minerva Then y cientos de mujeres dedicadas a la agropecuaria.<\/p>\n","protected":false},"excerpt":{"rendered":"<p>Monte Plata. &#8211; El Fondo Especial para el Desarrollo Agropecuario&nbsp;(FEDA)&nbsp;anunci\u00f3 en esta provincia el nuevo&nbsp;Proyecto Madres del Campo&nbsp;para el 2023, una iniciativa del Gobierno para&nbsp;apoyar a la mujer de la&hellip; <\/p>\n","protected":false},"author":2,"featured_media":24528,"comment_status":"closed","ping_status":"closed","sticky":false,"template":"","format":"standard","meta":{"fifu_image_url":"","fifu_image_alt":"","footnotes":""},"categories":[73],"tags":[],"class_list":["post-24527","post","type-post","status-publish","format-standard","has-post-thumbnail","hentry","category-agronegocios"],"_links":{"self":[{"href":"https:\/\/elmundodelosnegocios.com.do\/v1\/wp-json\/wp\/v2\/posts\/24527","targetHints":{"allow":["GET"]}}],"collection":[{"href":"https:\/\/elmundodelosnegocios.com.do\/v1\/wp-json\/wp\/v2\/posts"}],"about":[{"href":"https:\/\/elmundodelosnegocios.com.do\/v1\/wp-json\/wp\/v2\/types\/post"}],"author":[{"embeddable":true,"href":"https:\/\/elmundodelosnegocios.com.do\/v1\/wp-json\/wp\/v2\/users\/2"}],"replies":[{"embeddable":true,"href":"https:\/\/elmundodelosnegocios.com.do\/v1\/wp-json\/wp\/v2\/comments?post=24527"}],"version-history":[{"count":0,"href":"https:\/\/elmundodelosnegocios.com.do\/v1\/wp-json\/wp\/v2\/posts\/24527\/revisions"}],"wp:featuredmedia":[{"embeddable":true,"href":"https:\/\/elmundodelosnegocios.com.do\/v1\/wp-json\/wp\/v2\/media\/24528"}],"wp:attachment":[{"href":"https:\/\/elmundodelosnegocios.com.do\/v1\/wp-json\/wp\/v2\/media?parent=24527"}],"wp:term":[{"taxonomy":"category","embeddable":true,"href":"https:\/\/elmundodelosnegocios.com.do\/v1\/wp-json\/wp\/v2\/categories?post=24527"},{"taxonomy":"post_tag","embeddable":true,"href":"https:\/\/elmundodelosnegocios.com.do\/v1\/wp-json\/wp\/v2\/tags?post=24527"}],"curies":[{"name":"wp","href":"https:\/\/api.w.org\/{rel}","templated":true}]}}