{"id":24535,"date":"2022-12-19T10:19:24","date_gmt":"2022-12-19T14:49:24","guid":{"rendered":"https:\/\/elmundodelosnegocios.com.do\/v1\/?p=24535"},"modified":"2022-12-19T10:19:27","modified_gmt":"2022-12-19T14:49:27","slug":"valdez-albizu-y-su-esposa-ofrecieron-una-cena-de-gala-en-honor-de-los-miembros-de-la-junta-monetaria","status":"publish","type":"post","link":"https:\/\/elmundodelosnegocios.com.do\/v1\/valdez-albizu-y-su-esposa-ofrecieron-una-cena-de-gala-en-honor-de-los-miembros-de-la-junta-monetaria\/","title":{"rendered":"Valdez Albizu y su esposa ofrecieron una cena de gala en honor de los miembros de la Junta Monetaria"},"content":{"rendered":"\n<p>Santo Domingo, Rep\u00fablica Dominicana. El gobernador del Banco Central de la Rep\u00fablica Dominicana (BCRD) y presidente de la Junta Monetaria, H\u00e9ctor Valdez Albizu, y su esposa Fior D\u2019Aliza de Valdez, ofrecieron una cena de gala en honor de los miembros de ese \u00f3rgano superior con motivo de la Navidad, en un a\u00f1o de especial significaci\u00f3n al cumplirse el 75 Aniversario de la instituci\u00f3n.<\/p>\n\n\n<div class=\"wp-block-image\">\n<figure class=\"aligncenter size-full\"><img loading=\"lazy\" decoding=\"async\" width=\"848\" height=\"410\" src=\"https:\/\/elmundodelosnegocios.com.do\/v1\/wp-content\/uploads\/2022\/12\/0-3.jpg\" alt=\"\" class=\"wp-image-24537\" srcset=\"https:\/\/elmundodelosnegocios.com.do\/v1\/wp-content\/uploads\/2022\/12\/0-3.jpg 848w, https:\/\/elmundodelosnegocios.com.do\/v1\/wp-content\/uploads\/2022\/12\/0-3-300x145.jpg 300w, https:\/\/elmundodelosnegocios.com.do\/v1\/wp-content\/uploads\/2022\/12\/0-3-768x371.jpg 768w\" sizes=\"auto, (max-width: 848px) 100vw, 848px\" \/><figcaption class=\"wp-element-caption\">Eduardo de Jes\u00fas Tejera Curbelo, Sergia Elena de S\u00e9liman, Alejandro Fern\u00e1ndez W, H\u00e9ctor Valdez Albizu, Jos\u00e9 Manuel Mall\u00e9n, Ricardo Rojas, Julio C\u00e9sar Llibre Salcedo y Arturo Martinez Moya<\/figcaption><\/figure>\n<\/div>\n\n\n<p>En sus palabras de agradecimiento y felicitaci\u00f3n a los presentes, Valdez Albizu resalt\u00f3 que \u201cjuntos hemos atravesado un mar de tempestades, una detr\u00e1s de otra, las cuales hemos enfrentado con valent\u00eda y el firme prop\u00f3sito de salvar los escollos con los que el destino nos pon\u00eda a prueba, y no solo los hemos vencido, sino que hoy podemos afirmar abiertamente que la Rep\u00fablica Dominicana es una de las naciones l\u00edderes en la regi\u00f3n, que est\u00e1 sirviendo de gu\u00eda a muchas otras para abordar la ruta de la recuperaci\u00f3n y el crecimiento\u201d.<\/p>\n\n\n<div class=\"wp-block-image\">\n<figure class=\"aligncenter size-full\"><img loading=\"lazy\" decoding=\"async\" width=\"848\" height=\"410\" src=\"https:\/\/elmundodelosnegocios.com.do\/v1\/wp-content\/uploads\/2022\/12\/0-IMG-20221213-WA0402-1.jpg\" alt=\"\" class=\"wp-image-24538\" srcset=\"https:\/\/elmundodelosnegocios.com.do\/v1\/wp-content\/uploads\/2022\/12\/0-IMG-20221213-WA0402-1.jpg 848w, https:\/\/elmundodelosnegocios.com.do\/v1\/wp-content\/uploads\/2022\/12\/0-IMG-20221213-WA0402-1-300x145.jpg 300w, https:\/\/elmundodelosnegocios.com.do\/v1\/wp-content\/uploads\/2022\/12\/0-IMG-20221213-WA0402-1-768x371.jpg 768w\" sizes=\"auto, (max-width: 848px) 100vw, 848px\" \/><figcaption class=\"wp-element-caption\">Norma Molina, H\u00e9ctor Valdez Albizu, Fior Mart\u00ednez de Valdez, Clarissa de la Rocha de Torres, Nels\u00f3n Torres, Ghenny Nu\u00f1ez de Novas y Ervin Novas<\/figcaption><\/figure>\n<\/div>\n\n\n<p>Expres\u00f3 a los miembros de la Junta Monetaria su lealtad presente y futura, as\u00ed como al presidente de la Rep\u00fablica, Luis Abinader, avanzando que el 2023 ser\u00e1 un a\u00f1o de estabilidad en el que la confianza en nuestro pa\u00eds ser\u00e1 la base para un afianzamiento de la econom\u00eda dominicana.<\/p>\n\n\n<div class=\"wp-block-image\">\n<figure class=\"aligncenter size-full\"><img loading=\"lazy\" decoding=\"async\" width=\"848\" height=\"410\" src=\"https:\/\/elmundodelosnegocios.com.do\/v1\/wp-content\/uploads\/2022\/12\/0z4a1339a.jpg\" alt=\"\" class=\"wp-image-24539\" srcset=\"https:\/\/elmundodelosnegocios.com.do\/v1\/wp-content\/uploads\/2022\/12\/0z4a1339a.jpg 848w, https:\/\/elmundodelosnegocios.com.do\/v1\/wp-content\/uploads\/2022\/12\/0z4a1339a-300x145.jpg 300w, https:\/\/elmundodelosnegocios.com.do\/v1\/wp-content\/uploads\/2022\/12\/0z4a1339a-768x371.jpg 768w\" sizes=\"auto, (max-width: 848px) 100vw, 848px\" \/><figcaption class=\"wp-element-caption\">Alejandro Fern\u00e1ndez W y Alejandra Bonetti<\/figcaption><\/figure>\n<\/div>\n\n\n<p>La actividad, que se llev\u00f3 a cabo en el sal\u00f3n principal del Club de Empleados del Banco Central, cont\u00f3 con la presencia de Alejandro Fern\u00e1ndez W., superintendente de Bancos, miembro ex oficio de la Junta Monetaria, as\u00ed como de los miembros Ricardo Rojas Le\u00f3n, Arturo Mart\u00ednez Moya, Eduardo Tejera Curbelo, Sergia Elena Mej\u00eda de S\u00e9liman, Julio C\u00e9sar Llibre Salcedo y Jos\u00e9 Manuel Mall\u00e9n Santos, quienes estuvieron acompa\u00f1ados de sus respectivos c\u00f3nyuges.<\/p>\n\n\n\n<p>Asistieron tambi\u00e9n la vicegobernadora del Banco Central, Clarissa de la Rocha de Torres, el gerente, Ervin Novas Bello, la secretaria de la Junta Monetaria, Norma Molina; subgerentes, asesores, directores y otros funcionarios de la instituci\u00f3n.<\/p>\n","protected":false},"excerpt":{"rendered":"<p>Santo Domingo, Rep\u00fablica Dominicana. El gobernador del Banco Central de la Rep\u00fablica Dominicana (BCRD) y presidente de la Junta Monetaria, H\u00e9ctor Valdez Albizu, y su esposa Fior D\u2019Aliza de Valdez,&hellip; <\/p>\n","protected":false},"author":2,"featured_media":24536,"comment_status":"closed","ping_status":"closed","sticky":false,"template":"","format":"standard","meta":{"fifu_image_url":"","fifu_image_alt":"","footnotes":""},"categories":[263],"tags":[],"class_list":["post-24535","post","type-post","status-publish","format-standard","has-post-thumbnail","hentry","category-sociales"],"_links":{"self":[{"href":"https:\/\/elmundodelosnegocios.com.do\/v1\/wp-json\/wp\/v2\/posts\/24535","targetHints":{"allow":["GET"]}}],"collection":[{"href":"https:\/\/elmundodelosnegocios.com.do\/v1\/wp-json\/wp\/v2\/posts"}],"about":[{"href":"https:\/\/elmundodelosnegocios.com.do\/v1\/wp-json\/wp\/v2\/types\/post"}],"author":[{"embeddable":true,"href":"https:\/\/elmundodelosnegocios.com.do\/v1\/wp-json\/wp\/v2\/users\/2"}],"replies":[{"embeddable":true,"href":"https:\/\/elmundodelosnegocios.com.do\/v1\/wp-json\/wp\/v2\/comments?post=24535"}],"version-history":[{"count":0,"href":"https:\/\/elmundodelosnegocios.com.do\/v1\/wp-json\/wp\/v2\/posts\/24535\/revisions"}],"wp:featuredmedia":[{"embeddable":true,"href":"https:\/\/elmundodelosnegocios.com.do\/v1\/wp-json\/wp\/v2\/media\/24536"}],"wp:attachment":[{"href":"https:\/\/elmundodelosnegocios.com.do\/v1\/wp-json\/wp\/v2\/media?parent=24535"}],"wp:term":[{"taxonomy":"category","embeddable":true,"href":"https:\/\/elmundodelosnegocios.com.do\/v1\/wp-json\/wp\/v2\/categories?post=24535"},{"taxonomy":"post_tag","embeddable":true,"href":"https:\/\/elmundodelosnegocios.com.do\/v1\/wp-json\/wp\/v2\/tags?post=24535"}],"curies":[{"name":"wp","href":"https:\/\/api.w.org\/{rel}","templated":true}]}}